{"id":1034,"date":"2025-03-12T17:32:18","date_gmt":"2025-03-12T17:32:18","guid":{"rendered":"https:\/\/laestaciononline.com.ar\/?p=1034"},"modified":"2025-03-12T17:35:14","modified_gmt":"2025-03-12T17:35:14","slug":"en-marzo-vuelve-el-circuito-de-ahorro-en-brown-con-mas-productos-a-precios-accesibles","status":"publish","type":"post","link":"https:\/\/laestaciononline.com.ar\/?p=1034","title":{"rendered":"En marzo vuelve &#8220;El circuito de ahorro en Brown&#8221; con m\u00e1s productos a precios accesibles"},"content":{"rendered":"\n<p>El Municipio de Almirante Brown inform\u00f3 que, con el objetivo de fortalecer el trabajo de los emprendedores locales y cuidar la econom\u00eda de los vecinos, en marzo regresan las diferentes propuestas de mercado con los mejores productos a precios accesibles a los barrios y localidades de nuestro distrito.Se trata del programa \u201cCircuito de Ahorro Brown\u201d a trav\u00e9s del cual el Municipio promueve que la producci\u00f3n regional llegue a la comunidad sin intermediarios y a precios muy convenientes.\u201cRenovamos nuestro compromiso con las y los vecinos del distrito, impulsando esta iniciativa que nos permite cuidar sus bolsillos y adem\u00e1s potenciar el trabajo de nuestros emprendedores locales\u201d, indic\u00f3 el intendente Municipal, Mariano Cascallares.Para este mes se prev\u00e9 el arribo del Mercado de Cercan\u00eda Brown Ahorra con frutas, verduras, pescader\u00eda y productos de almac\u00e9n, entre otros.La propuesta llegar\u00e1, en el horario de 9 a 14, a la estaci\u00f3n de Claypole (Av. 17 de Octubre y Nazca) los lunes 10, 17, 24 y 31 y los mi\u00e9rcoles 12, 19 y 26.En tanto har\u00e1 lo propio en la estaci\u00f3n de Burzaco (Ricardo Rojas y Pellegrini) los viernes 7, 14, 21 y 28 de marzo.Por \u00faltimo, se instalar\u00e1 en la plaza &#8220;Madre Teresa de Calcuta&#8221; de San Jos\u00e9 (Fr\u00edas y Homero) este jueves 6.Tambi\u00e9n los vecinos podr\u00e1n acceder a los diversos productos de la Feria de Productores y Productoras Locales todos los viernes en la plaza Cerretti de Adrogu\u00e9 (Diagonal Toll y Cerretti), de 10 a 14 horas. Mientras que los s\u00e1bados la propuesta se emplazar\u00e1 en la Granja Educativa Municipal ubicada en avenida Juan B. Justo N\u00b0 1000, en el horario de 10 a 16. All\u00ed se ofrecer\u00e1n frutas, verduras, huevos de campo, quesos, embutidos, dulces, conservas y panader\u00eda.Por otro lado, durante todos los martes y viernes de marzo, de 9 a 14 horas, llegar\u00e1n a la Estaci\u00f3n de Longchamps (lado Este), los Mercados Bonaerenses. En el lugar se podr\u00e1n adquirir productos de panader\u00eda, pescader\u00eda, almac\u00e9n, frutas y verduras, adem\u00e1s de miel y frutos secos.Tambi\u00e9n las familias brownianas podr\u00e1n acercarse de lunes a viernes de 9 a 15 horas y s\u00e1bados de 9 a 13, al Mercado Multiplicar en el Instituto Municipal de Econom\u00eda Social, ubicado en Cruz del Sur 1195 en Burzaco, donde podr\u00e1n comprar frutas, verduras y art\u00edculos de almac\u00e9n, entre otros.Finalmente el Instituto Municipal de Econom\u00eda Social (IMES) llevar\u00e1 a cabo durante marzo los siguientes Encuentros de Comercializaci\u00f3n y Eventos Gastron\u00f3micos e Infantiles de Alte Brown este viernes 14, s\u00e1bado 15 y domingo 16 a partir de las 11 horas en el Polideportivo de la Estaci\u00f3n de Rafael Calzada (avenida Mart\u00edn Miguel de G\u00fcemes entre Cervantes y Luis M\u00e9ndez); y el viernes 28, sa\u00e1bado 29 y domingo 30 en el mismo horario en la Plaza 13 de Julio de San Francisco Solano (calle Clavel entre Rosa y Nardo).<\/p>\n","protected":false},"excerpt":{"rendered":"<p>El Municipio de Almirante Brown inform\u00f3 que, con el objetivo de fortalecer el trabajo de los emprendedores locales y cuidar la econom\u00eda de los vecinos, en marzo regresan las diferentes propuestas de mercado con los mejores productos a precios accesibles a los barrios y localidades de nuestro distrito.Se trata del programa \u201cCircuito de Ahorro Brown\u201d [&hellip;]<\/p>\n","protected":false},"author":1,"featured_media":1036,"comment_status":"open","ping_status":"open","sticky":false,"template":"","format":"standard","meta":{"footnotes":""},"categories":[1],"tags":[],"class_list":["post-1034","post","type-post","status-publish","format-standard","has-post-thumbnail","hentry","category-politica"],"_links":{"self":[{"href":"https:\/\/laestaciononline.com.ar\/index.php?rest_route=\/wp\/v2\/posts\/1034","targetHints":{"allow":["GET"]}}],"collection":[{"href":"https:\/\/laestaciononline.com.ar\/index.php?rest_route=\/wp\/v2\/posts"}],"about":[{"href":"https:\/\/laestaciononline.com.ar\/index.php?rest_route=\/wp\/v2\/types\/post"}],"author":[{"embeddable":true,"href":"https:\/\/laestaciononline.com.ar\/index.php?rest_route=\/wp\/v2\/users\/1"}],"replies":[{"embeddable":true,"href":"https:\/\/laestaciononline.com.ar\/index.php?rest_route=%2Fwp%2Fv2%2Fcomments&post=1034"}],"version-history":[{"count":1,"href":"https:\/\/laestaciononline.com.ar\/index.php?rest_route=\/wp\/v2\/posts\/1034\/revisions"}],"predecessor-version":[{"id":1035,"href":"https:\/\/laestaciononline.com.ar\/index.php?rest_route=\/wp\/v2\/posts\/1034\/revisions\/1035"}],"wp:featuredmedia":[{"embeddable":true,"href":"https:\/\/laestaciononline.com.ar\/index.php?rest_route=\/wp\/v2\/media\/1036"}],"wp:attachment":[{"href":"https:\/\/laestaciononline.com.ar\/index.php?rest_route=%2Fwp%2Fv2%2Fmedia&parent=1034"}],"wp:term":[{"taxonomy":"category","embeddable":true,"href":"https:\/\/laestaciononline.com.ar\/index.php?rest_route=%2Fwp%2Fv2%2Fcategories&post=1034"},{"taxonomy":"post_tag","embeddable":true,"href":"https:\/\/laestaciononline.com.ar\/index.php?rest_route=%2Fwp%2Fv2%2Ftags&post=1034"}],"curies":[{"name":"wp","href":"https:\/\/api.w.org\/{rel}","templated":true}]}}