{"id":1037,"date":"2025-03-13T00:12:59","date_gmt":"2025-03-13T00:12:59","guid":{"rendered":"https:\/\/laestaciononline.com.ar\/?p=1037"},"modified":"2025-03-13T00:13:24","modified_gmt":"2025-03-13T00:13:24","slug":"axel-kicillof-ultimamente-no-hable-con-cristina-kirchner","status":"publish","type":"post","link":"https:\/\/laestaciononline.com.ar\/?p=1037","title":{"rendered":"Axel Kicillof: \u201c\u00daltimamente no habl\u00e9 con Cristina Kirchner\u201d"},"content":{"rendered":"\n<p>El\u00a0<strong>gobernador\u00a0Axel Kicillof\u00a0<\/strong>reconoci\u00f3 que el di\u00e1logo con\u00a0<strong>Cristina Kirchner\u00a0<\/strong>est\u00e1 roto:\u00a0<strong>\u201c\u00daltimamente no habl\u00e9 de esto ni de otra cosa\u201d<\/strong>, dijo al ser consultado este mi\u00e9rcoles sobre la interna en el peronismo y el armado electoral para este 2025.<\/p>\n\n\n\n<p>Sin hacer expl\u00edcitas sus intenciones sobre una eventual candidatura presidencial, el mandatario bonaerense reflexion\u00f3 sobre&nbsp;<strong>la designaci\u00f3n de Alberto Fern\u00e1ndez en 2023<\/strong>&nbsp;y cuestion\u00f3: \u201c<strong>Tuvimos un presidente que no ten\u00eda autoridad.<\/strong>&nbsp;Obvio que le pongo responsabilidad a Alberto, pero como diagrama, como esquema,<strong>&nbsp;yo no creo que de cara a lo que viene alguien vote a un presidente sin autoridad\u201d.<\/strong><\/p>\n\n\n\n<p>Seg\u00fan desliz\u00f3 a lo largo de su explicaci\u00f3n, detr\u00e1s de este punto est\u00e1n las principales diferencias que&nbsp;<strong>lo mantienen alejado del kirchnerismo.<\/strong><\/p>\n\n\n\n<p>\u201cAunque sea doloroso, complicado, aunque a alguno lo angustie, tenemos que ver c\u00f3mo ofrecemos algo que entre en consonancia con lo que quiere la sociedad, que tenga capacidad de representaci\u00f3n y&nbsp;<strong>que d\u00e9 ganas de que volvamos a gobernar despu\u00e9s de lo que pas\u00f3.<\/strong>&nbsp;Yo soy bastante duro con lo que nos pas\u00f3, conseguimos la unidad y despu\u00e9s en el gobierno de Alberto<strong>&nbsp;los resultados est\u00e1n a la vista<\/strong>\u201d, critic\u00f3 Kicillof, en una entrevista que brind\u00f3 al canal de streaming&nbsp;<em>Gelatina<\/em>.<\/p>\n\n\n\n<p>En varias oportunidades, el gobernador se descarg\u00f3 contra el Frente de Todos, gesti\u00f3n que calific\u00f3 como \u201c<strong>un fracaso<\/strong>\u201d, a la vez que&nbsp;<strong>la emparent\u00f3 con el mandato de Cambiemos<\/strong>: \u201cSon dos fracasos. Milei es hijo de dos gobiernos que no cumplieron las expectativas. Sali\u00f3 muy mal el Frente de Todos, en muchos sentidos\u201d.<img loading=\"lazy\" decoding=\"async\" alt=\"Cristina Kirchner, Alberto Fern\u00e1ndez y\" height=\"1080\" src=\"https:\/\/www.infobae.com\/resizer\/v2\/CDR4IUGPKVBOBA32E6P52CLL3A.jpg?auth=2877d1e65ead65f5bbb3f0394baad51dc558b2689ae7298b9ff78924ab1fb2b5&amp;smart=true&amp;width=350&amp;height=197&amp;quality=85\" width=\"1920\">Cristina Kirchner, Alberto Fern\u00e1ndez y Axel Kicillof<\/p>\n\n\n\n<p>Para Kicillof, las responsabilidades sobre la \u00faltima gesti\u00f3n \u201cno se han discutido lo suficiente, hay que discutirlo m\u00e1s frontal y fraternalmente\u201d, se\u00f1al\u00f3. Tambi\u00e9n aclar\u00f3 que su enfrentamiento con el kirchnerismo duro, al menos en el gabinete bonaerense, no afecta la gesti\u00f3n: \u201cForman parte del gobierno provincial varios ministros que pertenecen a La C\u00e1mpora,&nbsp;<strong>si estuvi\u00e9ramos en una situaci\u00f3n de ruptura eso es dif\u00edcil que ocurra<\/strong>\u201d, argument\u00f3.<\/p>\n\n\n\n<p>\u201cYo tengo mis apreciaciones y pueden ofender a alguien, es una&nbsp;<strong>discusi\u00f3n pol\u00edtica<\/strong>. No es para echar culpas, pero si seguimos as\u00ed lo vamos a repetir.&nbsp;<strong>Lo l\u00f3gico y razonable es que haya tensiones<\/strong>, pero no hay que dramatizarlas\u201d, complet\u00f3 el gobernador.<\/p>\n\n\n\n<p>En materia electoral,&nbsp;<strong>evit\u00f3 anticipar si habr\u00e1 un desdoblamiento de las elecciones.&nbsp;<\/strong>Sin embargo, rescat\u00f3 que si se votara al mismo tiempo con los cargos nacionales \u201ccorre riesgo\u201d el proceso porque los comicios con el nuevo sistema pueden producir \u201clargas colas\u201d, \u201cquejas\u201d y \u201cenojo\u201d de la gente.<\/p>\n\n\n\n<p>Adem\u00e1s, Kicillof volvi\u00f3 a pedirle a la Legislatura bonaerense que trate la&nbsp;<strong>suspensi\u00f3n de las PASO&nbsp;<\/strong>para avanzar con la confecci\u00f3n del cronograma. \u201cSi no hay PASO, la cuesti\u00f3n del desdoblamiento tiene otras fechas. Por una cosa o por la otra, que resuelvan\u201d, reclam\u00f3 el gobernador.<\/p>\n\n\n\n<h2 class=\"wp-block-heading\">\u201cHay sectores que est\u00e1n buscando un espacio para enfrentarse a Milei\u201d<\/h2>\n\n\n\n<p>Durante la entrevista, Axel Kicillof tambi\u00e9n se refiri\u00f3 a su nuevo espacio,&nbsp;<strong>Movimiento Derecho al Futuro<\/strong>, y reiter\u00f3 que&nbsp;<strong>quiere convocar a todos los que se consideren oposici\u00f3n al gobierno libertario.<\/strong><\/p>\n\n\n\n<p>\u201cTenemos que hacer un esfuerzo de<strong>&nbsp;hablarle a sectores que perdimos<\/strong>&nbsp;la capacidad de llegarles\u201d, evalu\u00f3.<\/p>\n","protected":false},"excerpt":{"rendered":"<p>El\u00a0gobernador\u00a0Axel Kicillof\u00a0reconoci\u00f3 que el di\u00e1logo con\u00a0Cristina Kirchner\u00a0est\u00e1 roto:\u00a0\u201c\u00daltimamente no habl\u00e9 de esto ni de otra cosa\u201d, dijo al ser consultado este mi\u00e9rcoles sobre la interna en el peronismo y el armado electoral para este 2025. Sin hacer expl\u00edcitas sus intenciones sobre una eventual candidatura presidencial, el mandatario bonaerense reflexion\u00f3 sobre&nbsp;la designaci\u00f3n de Alberto Fern\u00e1ndez en [&hellip;]<\/p>\n","protected":false},"author":1,"featured_media":772,"comment_status":"open","ping_status":"open","sticky":false,"template":"","format":"standard","meta":{"footnotes":""},"categories":[1,3],"tags":[],"class_list":["post-1037","post","type-post","status-publish","format-standard","has-post-thumbnail","hentry","category-politica","category-portada"],"_links":{"self":[{"href":"https:\/\/laestaciononline.com.ar\/index.php?rest_route=\/wp\/v2\/posts\/1037","targetHints":{"allow":["GET"]}}],"collection":[{"href":"https:\/\/laestaciononline.com.ar\/index.php?rest_route=\/wp\/v2\/posts"}],"about":[{"href":"https:\/\/laestaciononline.com.ar\/index.php?rest_route=\/wp\/v2\/types\/post"}],"author":[{"embeddable":true,"href":"https:\/\/laestaciononline.com.ar\/index.php?rest_route=\/wp\/v2\/users\/1"}],"replies":[{"embeddable":true,"href":"https:\/\/laestaciononline.com.ar\/index.php?rest_route=%2Fwp%2Fv2%2Fcomments&post=1037"}],"version-history":[{"count":1,"href":"https:\/\/laestaciononline.com.ar\/index.php?rest_route=\/wp\/v2\/posts\/1037\/revisions"}],"predecessor-version":[{"id":1038,"href":"https:\/\/laestaciononline.com.ar\/index.php?rest_route=\/wp\/v2\/posts\/1037\/revisions\/1038"}],"wp:featuredmedia":[{"embeddable":true,"href":"https:\/\/laestaciononline.com.ar\/index.php?rest_route=\/wp\/v2\/media\/772"}],"wp:attachment":[{"href":"https:\/\/laestaciononline.com.ar\/index.php?rest_route=%2Fwp%2Fv2%2Fmedia&parent=1037"}],"wp:term":[{"taxonomy":"category","embeddable":true,"href":"https:\/\/laestaciononline.com.ar\/index.php?rest_route=%2Fwp%2Fv2%2Fcategories&post=1037"},{"taxonomy":"post_tag","embeddable":true,"href":"https:\/\/laestaciononline.com.ar\/index.php?rest_route=%2Fwp%2Fv2%2Ftags&post=1037"}],"curies":[{"name":"wp","href":"https:\/\/api.w.org\/{rel}","templated":true}]}}