{"id":1155,"date":"2025-03-25T12:02:48","date_gmt":"2025-03-25T12:02:48","guid":{"rendered":"https:\/\/laestaciononline.com.ar\/?p=1155"},"modified":"2025-03-25T12:03:39","modified_gmt":"2025-03-25T12:03:39","slug":"el-ministerio-de-seguridad-inhabilito-los-centros-de-estudiantes-que-funcionaban-dentro-de-las-carceles-federales","status":"publish","type":"post","link":"https:\/\/laestaciononline.com.ar\/?p=1155","title":{"rendered":"El Ministerio de Seguridad inhabilit\u00f3 los centros de estudiantes que funcionaban dentro de las c\u00e1rceles federales"},"content":{"rendered":"\n<p>El Ministerio de Seguridad Nacional anunci\u00f3 a trav\u00e9s de una resoluci\u00f3n que fue publicada en el Bolet\u00edn Oficial, la inhabilitaci\u00f3n de los centros de estudiantes dentro del Servicio Penitenciario Federal. La autoridad que administra los establecimientos penitenciarios del pa\u00eds, argument\u00f3 la decisi\u00f3n se\u00f1alando que esta din\u00e1mica afecta la principal finalidad que busca la readaptaci\u00f3n social.Adem\u00e1s de los programas criminol\u00f3gicos de seguridad que el r\u00e9gimen desarrolla, se destacan los planes de reinserci\u00f3n de las personas privadas de la libertad, a la sociedad. Esta acci\u00f3n implica tareas obligatorias como las laborales y las vinculadas al mantenimiento de espacios comunes.En este sentido, el documento sostiene que \u201cla asistencia y permanencia de internos en los centros educativos durante toda la jornada impide que realicen las tareas obligatorias a los fines de la reinserci\u00f3n social, en particular, tareas laborales\u201d, e incluye tambi\u00e9n \u201caquellas actividades necesarias para el mantenimiento de los espacios propios y comunes que, a la par de resultar obligatorios para todos los internos \u2014art\u00edculo 18 de la CONSTITUCI\u00d3N NACIONAL\u2014, se orientan a compensar los recursos invertidos por el ESTADO NACIONAL en la articulaci\u00f3n de un tratamiento penitenciario efectivo\u201d.Servicio Penitenciario FederalServicio Penitenciario FederalPor tanto, el Ministerio de Seguridad estableci\u00f3 anteriormente la obligatoriedad para todos los internos alojados en el SPF de \u201cparticipar en las tareas de mantenimiento, limpieza, aseo e higiene de los espacios propios y comunes de los establecimientos penitenciarios\u201d.Al respecto, la Resoluci\u00f3n 372\/2025 explic\u00f3 que la asistencia de reclusos a las jornadas educativas, exceden los tiempos establecidos y afectan las reglas de progresividad. Adem\u00e1s, mencion\u00f3 que esa din\u00e1mica genera dificultades para el cumplimiento del tratamiento penitenciario individualizado, obligatorio por ley, y que incluso se han reportado alteraciones en materia de seguridad.No obstante, el documento oficial firmado por la ministra, Patricia Bullrich, reconoci\u00f3 que la educaci\u00f3n en contexto de encierro es un derecho garantizado por leyes nacionales y tratados internacionales con jerarqu\u00eda constitucional, como la Convenci\u00f3n Americana sobre Derechos Humanos. Adem\u00e1s, este beneficio se encuentra amparado por las leyes 24.660, 26.206, 26.058 y 24.521, lo que da lugar a la existencia de programas educativos de nivel universitario en m\u00e1s de 30 unidades federales.Sin embargo, el Ministerio remarca que la creaci\u00f3n de centros de estudiantes no se encuentra contemplada normativamente. \u201cQue en este contexto normativo, la realizaci\u00f3n de actividades educativas, si bien resulta un derecho de los internos, no debe obstar al cumplimiento del tratamiento \u2014que es obligatorio\u2014 pues constituye la finalidad esencial del cumplimiento de la pena privativa de la libertad y un objetivo superior del sistema\u201d, describen desde el organismo.Seg\u00fan explicaron, los detenidos se encuentran organizados bajo la figura de centros de estudiantes que \u201cinvocan la representaci\u00f3n de internos estudiantes\u201d, y que permanecen de lunes a viernes durante toda la jornada en esos espacios \u2014entre las 9 y las 18 horas, dependiendo del establecimiento\u2014, superando ampliamente el tiempo requerido para asistir a clases, bajo el pretexto de actividades estudiantiles.Esta modalidad \u201cfomenta un esquema incompatible con el sistema de reinserci\u00f3n social en la medida que permite el avance en la progresividad de internos que no cumplen con las reglas del tratamiento penitenciario\u201d.La medida hace menci\u00f3n del Complejo Penitenciario Federal de la Ciudad Aut\u00f3noma de Buenos Aires (CPFCABA), el Complejo Penitenciario Federal I (CPF I) y el Complejo Penitenciario Federal IV (CPF IV).De esta manera, la normativa publicada recientemente, estableci\u00f3 en su primer art\u00edculo, \u201cNO HABILITAR el funcionamiento de centros de estudiantes en el \u00e1mbito del SERVICIO PENITENCIARIO FEDERAL\u201d.Mientras que en segundo lugar orden\u00f3 \u201cNO PERMITIR la permanencia de personas privadas de la libertad en los centros educativos o espacios de estudio fuera del horario en que deben asistir a las clases asignadas a cada uno de los internos\u201d.<\/p>\n\n\n\n<p><\/p>\n","protected":false},"excerpt":{"rendered":"<p>El Ministerio de Seguridad Nacional anunci\u00f3 a trav\u00e9s de una resoluci\u00f3n que fue publicada en el Bolet\u00edn Oficial, la inhabilitaci\u00f3n de los centros de estudiantes dentro del Servicio Penitenciario Federal. La autoridad que administra los establecimientos penitenciarios del pa\u00eds, argument\u00f3 la decisi\u00f3n se\u00f1alando que esta din\u00e1mica afecta la principal finalidad que busca la readaptaci\u00f3n social.Adem\u00e1s [&hellip;]<\/p>\n","protected":false},"author":1,"featured_media":1157,"comment_status":"open","ping_status":"open","sticky":false,"template":"","format":"standard","meta":{"footnotes":""},"categories":[1],"tags":[],"class_list":["post-1155","post","type-post","status-publish","format-standard","has-post-thumbnail","hentry","category-politica"],"_links":{"self":[{"href":"https:\/\/laestaciononline.com.ar\/index.php?rest_route=\/wp\/v2\/posts\/1155","targetHints":{"allow":["GET"]}}],"collection":[{"href":"https:\/\/laestaciononline.com.ar\/index.php?rest_route=\/wp\/v2\/posts"}],"about":[{"href":"https:\/\/laestaciononline.com.ar\/index.php?rest_route=\/wp\/v2\/types\/post"}],"author":[{"embeddable":true,"href":"https:\/\/laestaciononline.com.ar\/index.php?rest_route=\/wp\/v2\/users\/1"}],"replies":[{"embeddable":true,"href":"https:\/\/laestaciononline.com.ar\/index.php?rest_route=%2Fwp%2Fv2%2Fcomments&post=1155"}],"version-history":[{"count":1,"href":"https:\/\/laestaciononline.com.ar\/index.php?rest_route=\/wp\/v2\/posts\/1155\/revisions"}],"predecessor-version":[{"id":1156,"href":"https:\/\/laestaciononline.com.ar\/index.php?rest_route=\/wp\/v2\/posts\/1155\/revisions\/1156"}],"wp:featuredmedia":[{"embeddable":true,"href":"https:\/\/laestaciononline.com.ar\/index.php?rest_route=\/wp\/v2\/media\/1157"}],"wp:attachment":[{"href":"https:\/\/laestaciononline.com.ar\/index.php?rest_route=%2Fwp%2Fv2%2Fmedia&parent=1155"}],"wp:term":[{"taxonomy":"category","embeddable":true,"href":"https:\/\/laestaciononline.com.ar\/index.php?rest_route=%2Fwp%2Fv2%2Fcategories&post=1155"},{"taxonomy":"post_tag","embeddable":true,"href":"https:\/\/laestaciononline.com.ar\/index.php?rest_route=%2Fwp%2Fv2%2Ftags&post=1155"}],"curies":[{"name":"wp","href":"https:\/\/api.w.org\/{rel}","templated":true}]}}