{"id":1168,"date":"2025-03-26T21:52:20","date_gmt":"2025-03-26T21:52:20","guid":{"rendered":"https:\/\/laestaciononline.com.ar\/?p=1168"},"modified":"2025-03-26T21:54:12","modified_gmt":"2025-03-26T21:54:12","slug":"la-uta-ratifico-el-paro-de-colectivos-para-este-viernes-sera-por-24-horas","status":"publish","type":"post","link":"https:\/\/laestaciononline.com.ar\/?p=1168","title":{"rendered":"La UTA ratific\u00f3 el paro de colectivos para este viernes: ser\u00e1 por 24 horas"},"content":{"rendered":"\n<p>La Secretar\u00eda de Trabajo dispuso que se realice el jueves 3 de abril una nueva audiencia entre los representantes de la Uni\u00f3n Tranviarios Automotor (UTA) y de las c\u00e1maras empresarias para que intenten llegar a un acuerdo sobre incrementos salarialespara los trabajadores del sector, pero la UTA\u00a0<strong>ratific\u00f3 un paro por 24 horas para este viernes 28.<\/strong><\/p>\n\n\n\n<p>No se descarta que en las pr\u00f3ximas horas el Gobierno dicte la conciliaci\u00f3n obligatoria por 15 d\u00edas para evitar el conflicto. As\u00ed lo dejaron trascender fuentes oficiales a&nbsp;<strong>Infobae<\/strong>, un par de horas despu\u00e9s de que fracasara el entendimiento.<\/p>\n\n\n\n<p>\u201cInformamos que ante la negativa empresaria a realizar alg\u00fan ofrecimiento de incremento salarial,&nbsp;<strong>se ha dispuesto un paro de actividades por 24 horas&nbsp;<\/strong>para el viernes 28 de marzo del corriente a partir de las 0.00\u202fhs\u201d, dice el comunicado que emiti\u00f3 el sindicato con la firma de su secretario general, Roberto Fern\u00e1ndez. \u201cLa medida de acci\u00f3n sindical se realiza&nbsp;<strong>ante la intransigencia empresaria expresada<\/strong>, a quienes no les interesa dejar a 9.000.000 de pasajeros varados. Nuestros empleadores no pueden ni deben desentenderse de su responsabilidad\u201d, agrega.<\/p>\n\n\n\n<p>La audiencia de esta tarde, que comenz\u00f3 a las 15, estuvo rodeada nuevamente de tensi\u00f3n. Se hizo de forma virtual y dur\u00f3 poco m\u00e1s de una hora y media. Por el lado empresario participaron las c\u00e1maras empresarias AAETA (Asociaci\u00f3n Argentina de Empresarios del Transporte Automotor), CEAP (C\u00e1mara Empresaria de Autotransporte de Pasajeros), CTPBA (C\u00e1mara del Transporte de la Provincia de Buenos Aires) y CEUTPBA (C\u00e1mara de Empresarios Unidos del Transporte Urbano de Pasajeros de Buenos Aires) y por la parte sindical los principales referentes del gremio que encabeza Roberto Fern\u00e1ndez.<\/p>\n\n\n\n<p>Los representantes de la UTA plantearon que ante el estancamiento de las tratativas con el sector empresario&nbsp;<strong>estaban dispuestos a parar por 24 horas este viernes<\/strong>. Los empresarios pidieron que se aplique la conciliaci\u00f3n en \u201clos t\u00e9rminos de la ley 14.786 dada la importancia trascendental\u2033 del servicio para m\u00e1s de 9.000.000 de pasajeros mensuales. Si se dictaba la conciliaci\u00f3n obligatoria el gremio&nbsp;<strong>deb\u00eda acatar la medida<\/strong>, pero finalmente Trabajo opt\u00f3 por citar a un nuevo encuentro que tambi\u00e9n ser\u00e1 virtual.<\/p>\n","protected":false},"excerpt":{"rendered":"<p>La Secretar\u00eda de Trabajo dispuso que se realice el jueves 3 de abril una nueva audiencia entre los representantes de la Uni\u00f3n Tranviarios Automotor (UTA) y de las c\u00e1maras empresarias para que intenten llegar a un acuerdo sobre incrementos salarialespara los trabajadores del sector, pero la UTA\u00a0ratific\u00f3 un paro por 24 horas para este viernes [&hellip;]<\/p>\n","protected":false},"author":1,"featured_media":216,"comment_status":"open","ping_status":"open","sticky":false,"template":"","format":"standard","meta":{"footnotes":""},"categories":[1],"tags":[],"class_list":["post-1168","post","type-post","status-publish","format-standard","has-post-thumbnail","hentry","category-politica"],"_links":{"self":[{"href":"https:\/\/laestaciononline.com.ar\/index.php?rest_route=\/wp\/v2\/posts\/1168","targetHints":{"allow":["GET"]}}],"collection":[{"href":"https:\/\/laestaciononline.com.ar\/index.php?rest_route=\/wp\/v2\/posts"}],"about":[{"href":"https:\/\/laestaciononline.com.ar\/index.php?rest_route=\/wp\/v2\/types\/post"}],"author":[{"embeddable":true,"href":"https:\/\/laestaciononline.com.ar\/index.php?rest_route=\/wp\/v2\/users\/1"}],"replies":[{"embeddable":true,"href":"https:\/\/laestaciononline.com.ar\/index.php?rest_route=%2Fwp%2Fv2%2Fcomments&post=1168"}],"version-history":[{"count":4,"href":"https:\/\/laestaciononline.com.ar\/index.php?rest_route=\/wp\/v2\/posts\/1168\/revisions"}],"predecessor-version":[{"id":1172,"href":"https:\/\/laestaciononline.com.ar\/index.php?rest_route=\/wp\/v2\/posts\/1168\/revisions\/1172"}],"wp:featuredmedia":[{"embeddable":true,"href":"https:\/\/laestaciononline.com.ar\/index.php?rest_route=\/wp\/v2\/media\/216"}],"wp:attachment":[{"href":"https:\/\/laestaciononline.com.ar\/index.php?rest_route=%2Fwp%2Fv2%2Fmedia&parent=1168"}],"wp:term":[{"taxonomy":"category","embeddable":true,"href":"https:\/\/laestaciononline.com.ar\/index.php?rest_route=%2Fwp%2Fv2%2Fcategories&post=1168"},{"taxonomy":"post_tag","embeddable":true,"href":"https:\/\/laestaciononline.com.ar\/index.php?rest_route=%2Fwp%2Fv2%2Ftags&post=1168"}],"curies":[{"name":"wp","href":"https:\/\/api.w.org\/{rel}","templated":true}]}}