{"id":140,"date":"2024-10-13T01:04:41","date_gmt":"2024-10-13T01:04:41","guid":{"rendered":"https:\/\/laestaciononline.com.ar\/?p=140"},"modified":"2024-10-13T01:07:14","modified_gmt":"2024-10-13T01:07:14","slug":"alerta-por-lluvias-fuertes-y-granizo-este-domingo-en-ciudad-y-gran-buenos-aires-informe-del-smn","status":"publish","type":"post","link":"https:\/\/laestaciononline.com.ar\/?p=140","title":{"rendered":"Alerta por lluvias fuertes y granizo este domingo en Ciudad y Gran Buenos Aires: informe del SMN"},"content":{"rendered":"\n<p>De manera inesperada se anuncian<strong>&nbsp;lluvias fuertes<\/strong>&nbsp;en la<strong>&nbsp;zona del AMBA&nbsp;<\/strong>para este domingo 13 de octubre, con&nbsp;<strong>posible ca\u00edda de granizo<\/strong>&nbsp;durante la madrugada, seg\u00fan anunci\u00f3 el&nbsp;<strong>Servicio Meteorol\u00f3gico Nacional (SMN)&nbsp;<\/strong>en las \u00faltimas horas.<\/p>\n\n\n\n<p>La buena noticia es que&nbsp;<strong>a partir del mediod\u00eda mejorar\u00eda el tiempo en Capital Federal y sus alrededores&nbsp;<\/strong>y por ahora las lluvias que se anunciaban para el lunes no se producir\u00edan.<\/p>\n\n\n\n<p>El organismo oficial emiti\u00f3 una&nbsp;<strong>alerta amarilla<\/strong>&nbsp;y public\u00f3 recomendaciones para la poblaci\u00f3n por las tormentas fuertes y la posible ca\u00edda de granizo.<\/p>\n\n\n\n<h2 class=\"wp-block-heading\">Lluvias con alerta amarilla en el AMBA: los detalles<\/h2>\n\n\n\n<p>El&nbsp;<strong>Servicio Meteorol\u00f3gico Nacional&nbsp;<\/strong>emiti\u00f3 la alerta para la madrugada de este domingo y abarca a toda la zona del AMBA y al noroeste de la provincia de Buenos Aires.<\/p>\n\n\n\n<figure class=\"wp-block-image\"><img decoding=\"async\" src=\"https:\/\/media.minutouno.com\/p\/2016f5301e23804b0935645c34c8a685\/adjuntos\/150\/imagenes\/041\/881\/0041881976\/610x0\/smart\/imagepng.png\" alt=\"\" title=\"\"\/><\/figure>\n\n\n\n<p><strong>&#8220;El \u00e1rea ser\u00e1 afectada por lluvias y tormentas de variada intensidad, algunas localmente fuertes. Se espera que las mismas est\u00e9n acompa\u00f1adas por abundante ca\u00edda de agua en cortos per\u00edodos, intensa actividad el\u00e9ctrica, ocasional ca\u00edda de granizo y fuertes r\u00e1fagas&#8221;<\/strong>, indica el SMN.<\/p>\n\n\n\n<figure class=\"wp-block-image\"><img decoding=\"async\" src=\"https:\/\/media.minutouno.com\/p\/159177b65bca09311daed63a5e1e5106\/adjuntos\/150\/imagenes\/041\/881\/0041881978\/610x0\/smart\/mapa_alertas-14png.png\" alt=\"\" title=\"\"\/><\/figure>\n\n\n\n<p><strong>&#8220;Se estiman valores de precipitaci\u00f3n acumulada entre 20 y 50 mm, pudiendo ser superados en forma local&#8221;,<\/strong>&nbsp;completa el informe del SMN, que public\u00f3 las siguientes recomendaciones:<\/p>\n\n\n\n<ol class=\"wp-block-list\">\n<li>No saques la basura. Retir\u00e1 objetos que impidan que el agua escurra.<\/li>\n\n\n\n<li>Evit\u00e1 actividades al aire libre.<\/li>\n\n\n\n<li>No te refugies cerca de \u00e1rboles y postes de electricidad que puedan caerse.<\/li>\n\n\n\n<li>Para minimizar el riesgo de ser alcanzado por un rayo, no permanezcas en playas, r\u00edos, lagunas o piletas.<\/li>\n\n\n\n<li>Estate atento ante la posible ca\u00edda de granizo.<\/li>\n\n\n\n<li>Informate por las autoridades. Ten\u00e9 siempre lista una mochila de emergencias con linterna, radio, documentos y tel\u00e9fono.<\/li>\n<\/ol>\n","protected":false},"excerpt":{"rendered":"<p>De manera inesperada se anuncian&nbsp;lluvias fuertes&nbsp;en la&nbsp;zona del AMBA&nbsp;para este domingo 13 de octubre, con&nbsp;posible ca\u00edda de granizo&nbsp;durante la madrugada, seg\u00fan anunci\u00f3 el&nbsp;Servicio Meteorol\u00f3gico Nacional (SMN)&nbsp;en las \u00faltimas horas. La buena noticia es que&nbsp;a partir del mediod\u00eda mejorar\u00eda el tiempo en Capital Federal y sus alrededores&nbsp;y por ahora las lluvias que se anunciaban para el [&hellip;]<\/p>\n","protected":false},"author":1,"featured_media":142,"comment_status":"open","ping_status":"open","sticky":false,"template":"","format":"standard","meta":{"footnotes":""},"categories":[1],"tags":[],"class_list":["post-140","post","type-post","status-publish","format-standard","has-post-thumbnail","hentry","category-politica"],"_links":{"self":[{"href":"https:\/\/laestaciononline.com.ar\/index.php?rest_route=\/wp\/v2\/posts\/140","targetHints":{"allow":["GET"]}}],"collection":[{"href":"https:\/\/laestaciononline.com.ar\/index.php?rest_route=\/wp\/v2\/posts"}],"about":[{"href":"https:\/\/laestaciononline.com.ar\/index.php?rest_route=\/wp\/v2\/types\/post"}],"author":[{"embeddable":true,"href":"https:\/\/laestaciononline.com.ar\/index.php?rest_route=\/wp\/v2\/users\/1"}],"replies":[{"embeddable":true,"href":"https:\/\/laestaciononline.com.ar\/index.php?rest_route=%2Fwp%2Fv2%2Fcomments&post=140"}],"version-history":[{"count":1,"href":"https:\/\/laestaciononline.com.ar\/index.php?rest_route=\/wp\/v2\/posts\/140\/revisions"}],"predecessor-version":[{"id":141,"href":"https:\/\/laestaciononline.com.ar\/index.php?rest_route=\/wp\/v2\/posts\/140\/revisions\/141"}],"wp:featuredmedia":[{"embeddable":true,"href":"https:\/\/laestaciononline.com.ar\/index.php?rest_route=\/wp\/v2\/media\/142"}],"wp:attachment":[{"href":"https:\/\/laestaciononline.com.ar\/index.php?rest_route=%2Fwp%2Fv2%2Fmedia&parent=140"}],"wp:term":[{"taxonomy":"category","embeddable":true,"href":"https:\/\/laestaciononline.com.ar\/index.php?rest_route=%2Fwp%2Fv2%2Fcategories&post=140"},{"taxonomy":"post_tag","embeddable":true,"href":"https:\/\/laestaciononline.com.ar\/index.php?rest_route=%2Fwp%2Fv2%2Ftags&post=140"}],"curies":[{"name":"wp","href":"https:\/\/api.w.org\/{rel}","templated":true}]}}