{"id":1405,"date":"2025-04-16T10:58:24","date_gmt":"2025-04-16T10:58:24","guid":{"rendered":"https:\/\/laestaciononline.com.ar\/?p=1405"},"modified":"2025-04-16T11:00:18","modified_gmt":"2025-04-16T11:00:18","slug":"sin-oferta-formal-para-estatales-y-docentes-bonaerenses-tras-reunion-con-la-provincia","status":"publish","type":"post","link":"https:\/\/laestaciononline.com.ar\/?p=1405","title":{"rendered":"Sin oferta formal para estatales y docentes bonaerenses tras reuni\u00f3n con la Provincia"},"content":{"rendered":"\n<p>El encuentro, que tuvo lugar al mediod\u00eda en la sede del Ministerio de Trabajo en La Plata, cont\u00f3 con la participaci\u00f3n de sindicatos como la Asociaci\u00f3n de Trabajadores del Estado (ATE), la Uni\u00f3n del Personal Civil de la Naci\u00f3n (UPCN) y la Federaci\u00f3n de Gremios Estatales y Particulares de la Provincia de Buenos Aires (Fegeppba). Los representantes gremiales llevaron a la mesa un pliego de demandas que inclu\u00eda recomposici\u00f3n salarial, pases a planta permanente y mejoras en las condiciones laborales, pero las autoridades provinciales se limitaron a escuchar y prometieron retomar las conversaciones en los pr\u00f3ximos d\u00edas.<\/p>\n\n\n\n<p>\u00abNo hubo una propuesta formal, pero s\u00ed un compromiso de seguir negociando\u00bb, se\u00f1al\u00f3 una fuente sindical consultada tras la reuni\u00f3n. Los gremios, sin embargo, expresaron su preocupaci\u00f3n por la demora en presentar una oferta concreta, especialmente en un contexto de ajuste econ\u00f3mico impulsado por las pol\u00edticas nacionales y una inflaci\u00f3n que, aunque desacelerada, sigue impactando en los salarios.<\/p>\n\n\n\n<h3 class=\"wp-block-heading\">Demandas urgentes en un contexto econ\u00f3mico complejo<\/h3>\n\n\n\n<p>Los estatales, al igual que los docentes, exigen un aumento que permita compensar la p\u00e9rdida de poder adquisitivo acumulada durante 2024, cuando la inflaci\u00f3n cerr\u00f3 en 117,8% seg\u00fan el INDEC. Adem\u00e1s, solicitan la regularizaci\u00f3n de trabajadores precarizados, la incorporaci\u00f3n de becarios a planta temporaria y la actualizaci\u00f3n de asignaciones familiares. Desde ATE, tambi\u00e9n se insisti\u00f3 en la necesidad de convocar mesas t\u00e9cnicas para abordar cuestiones espec\u00edficas de sectores como Salud, Educaci\u00f3n y Ni\u00f1ez.<\/p>\n\n\n\n<p>Por su parte, el gobierno bonaerense justific\u00f3 la ausencia de una oferta concreta alegando las dificultades financieras derivadas de la falta de aprobaci\u00f3n del Presupuesto 2025 y la reducci\u00f3n de fondos nacionales. \u00abEstamos trabajando para construir una propuesta que responda a las demandas, pero debemos hacerlo dentro de las posibilidades de la Provincia\u00bb, indicaron desde el Ejecutivo.<\/p>\n\n\n\n<h3 class=\"wp-block-heading\">Expectativas y presi\u00f3n gremial<\/h3>\n\n\n\n<p>La reuni\u00f3n de este lunes se dio tras semanas de presi\u00f3n por parte de los sindicatos, que desde enero ven\u00edan reclamando la reapertura de las paritarias. La convocatoria fue recibida con optimismo, pero la falta de avances gener\u00f3 cierta frustraci\u00f3n. \u00abValoramos el di\u00e1logo, pero necesitamos respuestas urgentes. Los trabajadores no pueden seguir esperando\u00bb, afirm\u00f3 un representante de UPCN.<\/p>\n\n\n\n<p>El panorama no es m\u00e1s alentador para los docentes, quienes tambi\u00e9n se reunieron con la Provincia en la ma\u00f1ana del lunes y se fueron con las manos vac\u00edas. Desde el Frente de Unidad Docente Bonaerense (FUDB) destacaron la importancia de que la pr\u00f3xima oferta tome como base los haberes de enero de 2025 para garantizar un incremento real.<\/p>\n\n\n\n<h3 class=\"wp-block-heading\">\u00bfC\u00f3mo siguen las paritarias bonaerenses?<\/h3>\n\n\n\n<p>Con la promesa de nuevas reuniones en el horizonte, los gremios se mantienen expectantes pero en alerta. La Provincia deber\u00e1 actuar con rapidez para evitar posibles medidas de fuerza, especialmente considerando que los trabajadores buscan cobrar mejoras salariales en los primeros d\u00edas de mayo. La ausencia de una oferta concreta en esta primera ronda de 2025 reaviva el desaf\u00edo de equilibrar las demandas sindicales con las limitaciones presupuestarias.<\/p>\n\n\n\n<p>En un contexto donde la inflaci\u00f3n sigue siendo una amenaza y el ajuste nacional impacta en las provincias, las paritarias bonaerenses se perfilan como un term\u00f3metro clave para medir la relaci\u00f3n entre el gobierno de Kicillof y los trabajadores p\u00fablicos. Por ahora, la espera contin\u00faa.<\/p>\n","protected":false},"excerpt":{"rendered":"<p>El encuentro, que tuvo lugar al mediod\u00eda en la sede del Ministerio de Trabajo en La Plata, cont\u00f3 con la participaci\u00f3n de sindicatos como la Asociaci\u00f3n de Trabajadores del Estado (ATE), la Uni\u00f3n del Personal Civil de la Naci\u00f3n (UPCN) y la Federaci\u00f3n de Gremios Estatales y Particulares de la Provincia de Buenos Aires (Fegeppba). [&hellip;]<\/p>\n","protected":false},"author":1,"featured_media":1407,"comment_status":"open","ping_status":"open","sticky":false,"template":"","format":"standard","meta":{"footnotes":""},"categories":[1,10],"tags":[],"class_list":["post-1405","post","type-post","status-publish","format-standard","has-post-thumbnail","hentry","category-politica","category-sindicales"],"_links":{"self":[{"href":"https:\/\/laestaciononline.com.ar\/index.php?rest_route=\/wp\/v2\/posts\/1405","targetHints":{"allow":["GET"]}}],"collection":[{"href":"https:\/\/laestaciononline.com.ar\/index.php?rest_route=\/wp\/v2\/posts"}],"about":[{"href":"https:\/\/laestaciononline.com.ar\/index.php?rest_route=\/wp\/v2\/types\/post"}],"author":[{"embeddable":true,"href":"https:\/\/laestaciononline.com.ar\/index.php?rest_route=\/wp\/v2\/users\/1"}],"replies":[{"embeddable":true,"href":"https:\/\/laestaciononline.com.ar\/index.php?rest_route=%2Fwp%2Fv2%2Fcomments&post=1405"}],"version-history":[{"count":1,"href":"https:\/\/laestaciononline.com.ar\/index.php?rest_route=\/wp\/v2\/posts\/1405\/revisions"}],"predecessor-version":[{"id":1406,"href":"https:\/\/laestaciononline.com.ar\/index.php?rest_route=\/wp\/v2\/posts\/1405\/revisions\/1406"}],"wp:featuredmedia":[{"embeddable":true,"href":"https:\/\/laestaciononline.com.ar\/index.php?rest_route=\/wp\/v2\/media\/1407"}],"wp:attachment":[{"href":"https:\/\/laestaciononline.com.ar\/index.php?rest_route=%2Fwp%2Fv2%2Fmedia&parent=1405"}],"wp:term":[{"taxonomy":"category","embeddable":true,"href":"https:\/\/laestaciononline.com.ar\/index.php?rest_route=%2Fwp%2Fv2%2Fcategories&post=1405"},{"taxonomy":"post_tag","embeddable":true,"href":"https:\/\/laestaciononline.com.ar\/index.php?rest_route=%2Fwp%2Fv2%2Ftags&post=1405"}],"curies":[{"name":"wp","href":"https:\/\/api.w.org\/{rel}","templated":true}]}}