{"id":1427,"date":"2025-04-18T11:39:01","date_gmt":"2025-04-18T11:39:01","guid":{"rendered":"https:\/\/laestaciononline.com.ar\/?p=1427"},"modified":"2025-04-18T11:39:43","modified_gmt":"2025-04-18T11:39:43","slug":"brown-reunion-a-vecinos-e-instituciones-para-potenciar-las-politicas-locales-sobre-discapacidad","status":"publish","type":"post","link":"https:\/\/laestaciononline.com.ar\/?p=1427","title":{"rendered":"Brown reuni\u00f3n a vecinos e instituciones para potenciar las pol\u00edticas locales sobre discapacidad"},"content":{"rendered":"\n<p>El intendente de Almirante Brown, Mariano Cascallares, encabez\u00f3 una reuni\u00f3n con el Consejo Asesor local para la Inclusi\u00f3n de Personas con Discapacidad con el foco puesto en potenciar las pol\u00edticas p\u00fablicas y fortalecer el trabajo con las instituciones intermedias.<\/p>\n\n\n\n<p>La jornada se llev\u00f3 adelante en la Casa Municipal de la Cultura, donde el jefe comunal hizo un seguimiento y monitoreo de las pol\u00edticas que se llevan adelante en el distrito en materia de discapacidad y tambi\u00e9n se pens\u00f3 en conjunto en c\u00f3mo acompa\u00f1ar a los vecinos y vecinas ante el corrimiento del Estado nacional como garante de derechos.<\/p>\n\n\n\n<p>En esa l\u00ednea, se abordaron estrategias y herramientas para asesorar a los vecinos que est\u00e1n siendo convocados por la Agencia Nacional de Discapacidad para auditar sus pensiones; la creaci\u00f3n de un registro de personas y familias con diagn\u00f3sticos de enfermedades poco frecuentes&nbsp;&nbsp;electrodependientes, y tambi\u00e9n en herramientas para seguir acompa\u00f1ando a las instituciones intermedias locales.<\/p>\n\n\n\n<p>\u201cSiempre con el foco puesto en la igualdad de derechos y oportunidades, llevamos adelante una nueva reuni\u00f3n con el Consejo Asesor de Discapacidad para seguir potenciando las acciones y pol\u00edticas p\u00fablicas y pensar conjuntamente como afrontar el corrimiento del Estado Nacional en sus obligaciones\u201d, asever\u00f3 Mariano Cascallares.<\/p>\n\n\n\n<p>En esa l\u00ednea, el jefe comunal sostuvo: \u201cSiempre van a contar con nuestro equipo municipal para trabajar juntos y encontrar soluciones\u201d.<\/p>\n\n\n\n<p>La actividad cont\u00f3 con la presencia de numerosas instituciones como la Pastoral Discapacidad de Glew, la Asociaci\u00f3n Electrodependiente, la Asociaci\u00f3n Civil Artritis en Argentina, la Asociaci\u00f3n Trastornos del Desarrollo del Lenguaje, Lucero Azul (TEA), Tea In Fronteras, Lazos Running Solidario, Caminando hacia la Convivencia y de Centros Educativos Terap\u00e9uticos y Centros de D\u00eda, adem\u00e1s de representantes de Talleres Protegidos y de la Mesa de Enfermedades Poco Frecuentes.<\/p>\n\n\n\n<p>Finalmente, por parte de la Comuna, estuvieron el presidente del Concejo Deliberante, Nicol\u00e1s Jawtuschenko; la secretaria de Desarrollo, Seguridad Social y DD.HH., B\u00e1rbara Mi\u00f1\u00e1n; la presidenta del Consejo Municipal Asesor de inclusi\u00f3n para personas con Discapacidad, Nora Saporiti; la directora General de Pol\u00edticas Sectoriales y Territoriales, Fernanda Viggiani; el director de inclusi\u00f3n para personas con discapacidad, Mariano Colombo; el director de Deporte Adaptado, Gustavo Borro y el de Cultura Inclusiva, Marcelo Dom\u00ednguez, entre otros.<\/p>\n","protected":false},"excerpt":{"rendered":"<p>El intendente de Almirante Brown, Mariano Cascallares, encabez\u00f3 una reuni\u00f3n con el Consejo Asesor local para la Inclusi\u00f3n de Personas con Discapacidad con el foco puesto en potenciar las pol\u00edticas p\u00fablicas y fortalecer el trabajo con las instituciones intermedias. La jornada se llev\u00f3 adelante en la Casa Municipal de la Cultura, donde el jefe comunal [&hellip;]<\/p>\n","protected":false},"author":1,"featured_media":1429,"comment_status":"open","ping_status":"open","sticky":false,"template":"","format":"standard","meta":{"footnotes":""},"categories":[1],"tags":[],"class_list":["post-1427","post","type-post","status-publish","format-standard","has-post-thumbnail","hentry","category-politica"],"_links":{"self":[{"href":"https:\/\/laestaciononline.com.ar\/index.php?rest_route=\/wp\/v2\/posts\/1427","targetHints":{"allow":["GET"]}}],"collection":[{"href":"https:\/\/laestaciononline.com.ar\/index.php?rest_route=\/wp\/v2\/posts"}],"about":[{"href":"https:\/\/laestaciononline.com.ar\/index.php?rest_route=\/wp\/v2\/types\/post"}],"author":[{"embeddable":true,"href":"https:\/\/laestaciononline.com.ar\/index.php?rest_route=\/wp\/v2\/users\/1"}],"replies":[{"embeddable":true,"href":"https:\/\/laestaciononline.com.ar\/index.php?rest_route=%2Fwp%2Fv2%2Fcomments&post=1427"}],"version-history":[{"count":1,"href":"https:\/\/laestaciononline.com.ar\/index.php?rest_route=\/wp\/v2\/posts\/1427\/revisions"}],"predecessor-version":[{"id":1428,"href":"https:\/\/laestaciononline.com.ar\/index.php?rest_route=\/wp\/v2\/posts\/1427\/revisions\/1428"}],"wp:featuredmedia":[{"embeddable":true,"href":"https:\/\/laestaciononline.com.ar\/index.php?rest_route=\/wp\/v2\/media\/1429"}],"wp:attachment":[{"href":"https:\/\/laestaciononline.com.ar\/index.php?rest_route=%2Fwp%2Fv2%2Fmedia&parent=1427"}],"wp:term":[{"taxonomy":"category","embeddable":true,"href":"https:\/\/laestaciononline.com.ar\/index.php?rest_route=%2Fwp%2Fv2%2Fcategories&post=1427"},{"taxonomy":"post_tag","embeddable":true,"href":"https:\/\/laestaciononline.com.ar\/index.php?rest_route=%2Fwp%2Fv2%2Ftags&post=1427"}],"curies":[{"name":"wp","href":"https:\/\/api.w.org\/{rel}","templated":true}]}}