{"id":1446,"date":"2025-04-20T12:25:31","date_gmt":"2025-04-20T12:25:31","guid":{"rendered":"https:\/\/laestaciononline.com.ar\/?p=1446"},"modified":"2025-04-20T12:39:31","modified_gmt":"2025-04-20T12:39:31","slug":"envases-que-sobran-el-impacto-ambiental-de-envolver-lo-natural","status":"publish","type":"post","link":"https:\/\/laestaciononline.com.ar\/?p=1446","title":{"rendered":"Envases que sobran: el impacto ambiental de envolver lo natural"},"content":{"rendered":"\n<p>Recorriendo uno de los supermercados m\u00e1s importantes del conurbano, me top\u00e9 con una imagen que me result\u00f3 incre\u00edble de ver en estos tiempos. En una \u00e9poca en la que la conciencia ambiental crece y la urgencia por reducir el uso de pl\u00e1sticos de un solo uso es m\u00e1s clara que nunca, sorprende y preocupa ver g\u00f3ndolas repletas de frutas y verduras\u2026 \u00a1envueltas en pl\u00e1stico!<\/p>\n\n\n\n<p>Verduras en bandejas de telgopor, bananas embolsadas, zapallitos envueltos en film\u2026 y quiz\u00e1s el caso m\u00e1s llamativo: el choclo. Este vegetal, que ya viene naturalmente protegido por su chala (hojas exteriores), suele aparecer pelado, desprovisto de su envoltura natural y nuevamente envuelto en film pl\u00e1stico. Un sinsentido ambiental que refleja hasta qu\u00e9 punto hemos normalizado el exceso de envases.<\/p>\n\n\n\n<figure class=\"wp-block-image size-large\"><img loading=\"lazy\" decoding=\"async\" width=\"1024\" height=\"460\" src=\"https:\/\/laestaciononline.com.ar\/wp-content\/uploads\/2025\/04\/IMG_20250419_113217583_HDR-1-1024x460.jpg\" alt=\"\" class=\"wp-image-1455\" srcset=\"https:\/\/laestaciononline.com.ar\/wp-content\/uploads\/2025\/04\/IMG_20250419_113217583_HDR-1-1024x460.jpg 1024w, https:\/\/laestaciononline.com.ar\/wp-content\/uploads\/2025\/04\/IMG_20250419_113217583_HDR-1-300x135.jpg 300w, https:\/\/laestaciononline.com.ar\/wp-content\/uploads\/2025\/04\/IMG_20250419_113217583_HDR-1-768x345.jpg 768w, https:\/\/laestaciononline.com.ar\/wp-content\/uploads\/2025\/04\/IMG_20250419_113217583_HDR-1-1536x690.jpg 1536w, https:\/\/laestaciononline.com.ar\/wp-content\/uploads\/2025\/04\/IMG_20250419_113217583_HDR-1.jpg 2000w\" sizes=\"auto, (max-width: 1024px) 100vw, 1024px\" \/><\/figure>\n\n\n\n<p><strong>\u00bfPor qu\u00e9 se hace esto?<\/strong><br>El argumento m\u00e1s frecuente por parte de supermercados y productores es la \u201ccomodidad\u201d y la \u201cconservaci\u00f3n\u201d. El empaque facilita el transporte, evita da\u00f1os y extiende la vida \u00fatil. Sin embargo, muchas veces se prioriza la est\u00e9tica o el marketing por encima del sentido com\u00fan ambiental.<\/p>\n\n\n\n<p><strong>El precio del confort: m\u00e1s residuos<\/strong><br>Estos envoltorios no solo son innecesarios, sino que generan una gran cantidad de residuos pl\u00e1sticos de un solo uso, que tardan cientos de a\u00f1os en degradarse. En pa\u00edses como Argentina, donde el reciclaje a\u00fan no es una pr\u00e1ctica generalizada ni eficiente, estos materiales terminan en rellenos sanitarios o directamente en el ambiente.<\/p>\n\n\n\n<p><strong>\u00bfEs realmente m\u00e1s higi\u00e9nico?<\/strong><br>Otro argumento habitual es la \u201chigiene\u201d. Pero no debemos olvidar que la fruta o verdura, al ser pelada o lavada antes de consumirse, ya cuenta con medidas naturales de protecci\u00f3n. Adem\u00e1s, el pl\u00e1stico no garantiza mayor inocuidad: puede incluso acumular bacterias si no se manipula correctamente.<\/p>\n\n\n\n<p><strong>Volver a lo simple: compras conscientes<\/strong><br>Comprar frutas y verduras sueltas, llevar nuestras propias bolsas reutilizables, optar por ferias, mercados locales o almacenes barriales, son formas de consumo m\u00e1s sostenibles. Tambi\u00e9n es una manera de apoyar a peque\u00f1os productores y comercios que no utilizan empaques innecesarios.<\/p>\n\n\n\n<p><strong>Una elecci\u00f3n que suma<\/strong><br>Cada vez que elegimos no comprar productos sobreempaquetados, estamos enviando un mensaje. Como consumidores, tenemos poder. Y ese poder puede ayudar a cambiar h\u00e1bitos de producci\u00f3n y comercializaci\u00f3n que est\u00e1n da\u00f1ando el planeta.<\/p>\n\n\n\n<p><strong>Las im\u00e1genes que acompa\u00f1an esta nota fueron tomadas en un supermercado de renombre del pais ubicado en el conurbano bonaerense, donde el uso excesivo de envoltorios pl\u00e1sticos para frutas y verduras \u2014como en el caso del choclo pelado y envuelto en film\u2014 es una pr\u00e1ctica habitual.<\/strong><\/p>\n\n\n\n<p>Por G. Sanabria<\/p>\n\n\n\n<p><\/p>\n","protected":false},"excerpt":{"rendered":"<p>Recorriendo uno de los supermercados m\u00e1s importantes del conurbano, me top\u00e9 con una imagen que me result\u00f3 incre\u00edble de ver en estos tiempos. En una \u00e9poca en la que la conciencia ambiental crece y la urgencia por reducir el uso de pl\u00e1sticos de un solo uso es m\u00e1s clara que nunca, sorprende y preocupa ver [&hellip;]<\/p>\n","protected":false},"author":1,"featured_media":1453,"comment_status":"open","ping_status":"open","sticky":false,"template":"","format":"standard","meta":{"footnotes":""},"categories":[1],"tags":[],"class_list":["post-1446","post","type-post","status-publish","format-standard","has-post-thumbnail","hentry","category-politica"],"_links":{"self":[{"href":"https:\/\/laestaciononline.com.ar\/index.php?rest_route=\/wp\/v2\/posts\/1446","targetHints":{"allow":["GET"]}}],"collection":[{"href":"https:\/\/laestaciononline.com.ar\/index.php?rest_route=\/wp\/v2\/posts"}],"about":[{"href":"https:\/\/laestaciononline.com.ar\/index.php?rest_route=\/wp\/v2\/types\/post"}],"author":[{"embeddable":true,"href":"https:\/\/laestaciononline.com.ar\/index.php?rest_route=\/wp\/v2\/users\/1"}],"replies":[{"embeddable":true,"href":"https:\/\/laestaciononline.com.ar\/index.php?rest_route=%2Fwp%2Fv2%2Fcomments&post=1446"}],"version-history":[{"count":7,"href":"https:\/\/laestaciononline.com.ar\/index.php?rest_route=\/wp\/v2\/posts\/1446\/revisions"}],"predecessor-version":[{"id":1456,"href":"https:\/\/laestaciononline.com.ar\/index.php?rest_route=\/wp\/v2\/posts\/1446\/revisions\/1456"}],"wp:featuredmedia":[{"embeddable":true,"href":"https:\/\/laestaciononline.com.ar\/index.php?rest_route=\/wp\/v2\/media\/1453"}],"wp:attachment":[{"href":"https:\/\/laestaciononline.com.ar\/index.php?rest_route=%2Fwp%2Fv2%2Fmedia&parent=1446"}],"wp:term":[{"taxonomy":"category","embeddable":true,"href":"https:\/\/laestaciononline.com.ar\/index.php?rest_route=%2Fwp%2Fv2%2Fcategories&post=1446"},{"taxonomy":"post_tag","embeddable":true,"href":"https:\/\/laestaciononline.com.ar\/index.php?rest_route=%2Fwp%2Fv2%2Ftags&post=1446"}],"curies":[{"name":"wp","href":"https:\/\/api.w.org\/{rel}","templated":true}]}}