{"id":1524,"date":"2025-04-25T21:42:50","date_gmt":"2025-04-25T21:42:50","guid":{"rendered":"https:\/\/laestaciononline.com.ar\/?p=1524"},"modified":"2025-04-25T21:43:02","modified_gmt":"2025-04-25T21:43:02","slug":"celebraron-en-burzaco-una-emotiva-misa-en-homenaje-al-papa-francisco","status":"publish","type":"post","link":"https:\/\/laestaciononline.com.ar\/?p=1524","title":{"rendered":"Celebraron en Burzaco una emotiva misa en homenaje al Papa Francisco"},"content":{"rendered":"\n<p><\/p>\n\n\n\n<p>El intendente de Almirante Brown, Mariano Cascallares, y el presidente del Concejo Deliberante local, Nicol\u00e1s Jawtuschenko, participaron junto a cientos de vecinos de una emotiva misa en conmemoraci\u00f3n a la figura del Papa Francisco en la parroquia de San Cayetano de Burzaco.<\/p>\n\n\n\n<p>La homil\u00eda se llev\u00f3 adelante en la iglesia ubicada en Sempere N\u00b01370 y fue encabezada por el padre Eduardo Brusa, quien destac\u00f3 la enorme figura del Santo Padre caracterizada por su enorme compromiso con los m\u00e1s necesitados.<\/p>\n\n\n\n<p>\u201cParticipamos de una emotiva misa en homenaje al primer Pont\u00edfice argentino y L\u00edder Espiritual de la Iglesia, quien con su amor por la humanidad y especialmente por los pobres marc\u00f3 su vida y su papado\u201d, destac\u00f3 Mariano Cascallares, quien subray\u00f3 que la figura de Francisco \u201cdeja un legado espiritual y pastoral imborrable\u201d.<\/p>\n\n\n\n<p>El padre Brusa, en tanto, remarc\u00f3 \u201cel mensaje de paz que dio Francisco, su justicia social y el compromiso con los m\u00e1s necesitados\u201d, en el marco de una jornada marcada por la reflexi\u00f3n, la esperanza y el cari\u00f1o por el Sumo Pont\u00edfice fallecido esta semana.<\/p>\n\n\n\n<p>Esta emotiva homil\u00eda se suma a la realizada d\u00edas atr\u00e1s en la Catedral de Lomas de Zamora por el Arzobispo de Lomas, Monse\u00f1or Jorge Lugones, en la cual tambi\u00e9n dijo presente Mariano Cascallares y el intendente lomense, Federico Oterm\u00edn.<\/p>\n\n\n\n<p>En esa oportunidad, Mariano Cascallares resalt\u00f3 tambi\u00e9n la fuerte presencia de feligreses en el homenaje al Papa Francisco \u201cque gui\u00f3 durante 12 a\u00f1os a la Iglesia por el camino del amor, la justicia y la paz\u201d.<\/p>\n","protected":false},"excerpt":{"rendered":"<p>El intendente de Almirante Brown, Mariano Cascallares, y el presidente del Concejo Deliberante local, Nicol\u00e1s Jawtuschenko, participaron junto a cientos de vecinos de una emotiva misa en conmemoraci\u00f3n a la figura del Papa Francisco en la parroquia de San Cayetano de Burzaco. La homil\u00eda se llev\u00f3 adelante en la iglesia ubicada en Sempere N\u00b01370 y [&hellip;]<\/p>\n","protected":false},"author":1,"featured_media":1526,"comment_status":"open","ping_status":"open","sticky":false,"template":"","format":"standard","meta":{"footnotes":""},"categories":[1],"tags":[],"class_list":["post-1524","post","type-post","status-publish","format-standard","has-post-thumbnail","hentry","category-politica"],"_links":{"self":[{"href":"https:\/\/laestaciononline.com.ar\/index.php?rest_route=\/wp\/v2\/posts\/1524","targetHints":{"allow":["GET"]}}],"collection":[{"href":"https:\/\/laestaciononline.com.ar\/index.php?rest_route=\/wp\/v2\/posts"}],"about":[{"href":"https:\/\/laestaciononline.com.ar\/index.php?rest_route=\/wp\/v2\/types\/post"}],"author":[{"embeddable":true,"href":"https:\/\/laestaciononline.com.ar\/index.php?rest_route=\/wp\/v2\/users\/1"}],"replies":[{"embeddable":true,"href":"https:\/\/laestaciononline.com.ar\/index.php?rest_route=%2Fwp%2Fv2%2Fcomments&post=1524"}],"version-history":[{"count":1,"href":"https:\/\/laestaciononline.com.ar\/index.php?rest_route=\/wp\/v2\/posts\/1524\/revisions"}],"predecessor-version":[{"id":1525,"href":"https:\/\/laestaciononline.com.ar\/index.php?rest_route=\/wp\/v2\/posts\/1524\/revisions\/1525"}],"wp:featuredmedia":[{"embeddable":true,"href":"https:\/\/laestaciononline.com.ar\/index.php?rest_route=\/wp\/v2\/media\/1526"}],"wp:attachment":[{"href":"https:\/\/laestaciononline.com.ar\/index.php?rest_route=%2Fwp%2Fv2%2Fmedia&parent=1524"}],"wp:term":[{"taxonomy":"category","embeddable":true,"href":"https:\/\/laestaciononline.com.ar\/index.php?rest_route=%2Fwp%2Fv2%2Fcategories&post=1524"},{"taxonomy":"post_tag","embeddable":true,"href":"https:\/\/laestaciononline.com.ar\/index.php?rest_route=%2Fwp%2Fv2%2Ftags&post=1524"}],"curies":[{"name":"wp","href":"https:\/\/api.w.org\/{rel}","templated":true}]}}