{"id":1530,"date":"2025-04-25T21:53:48","date_gmt":"2025-04-25T21:53:48","guid":{"rendered":"https:\/\/laestaciononline.com.ar\/?p=1530"},"modified":"2025-04-25T21:54:56","modified_gmt":"2025-04-25T21:54:56","slug":"inverti-en-esteban-echeverria-la-empresa-ocasa-se-instalara-en-el-distrito-y-generara-nuevos-puestos-de-trabajo-para-vecinas-y-vecinos","status":"publish","type":"post","link":"https:\/\/laestaciononline.com.ar\/?p=1530","title":{"rendered":"Invert\u00ed en Esteban Echeverr\u00eda: la empresa OCASA se instalar\u00e1 en el distrito y generar\u00e1 nuevos puestos de trabajo para vecinas y vecinos"},"content":{"rendered":"\n<p>El intendente de Esteban Echeverr\u00eda, Fernando Gray, recibi\u00f3 al CEO de OCASA, empresa que en mayo de este a\u00f1o se instalar\u00e1 en el distrito mediante el programa Invert\u00ed en Esteban Echeverr\u00eda y comenzar\u00e1 a beneficiarse de la exenci\u00f3n impositiva del r\u00e9gimen local por un lapso de diez a\u00f1os.&nbsp;<\/p>\n\n\n\n<p>&#8220;Es un honor saber que a nuestro programa se sumar\u00e1 OCASA, una compa\u00f1\u00eda reconocida a nivel nacional e internacional por su excelencia operativa, su innovaci\u00f3n tecnol\u00f3gica y su compromiso con el desarrollo productivo del pa\u00eds&#8221;, manifest\u00f3 el jefe comunal, quien se reuni\u00f3 con Santiago Castro Piccolo, CEO de la empresa. Gray estuvo acompa\u00f1ado por Alejandro Bonomo (subsecretario de Gobierno) y Julia Galizzi (directora de Desarrollo Productivo).<\/p>\n\n\n\n<p>OCASA es una firma con m\u00e1s de 40 a\u00f1os de experiencia en el mercado y pondr\u00e1 en marcha un nuevo centro de distribuci\u00f3n sobre la ruta 205, dentro del Parque Empresarial de El Jag\u00fcel. A partir de esta mudanza operativa, podr\u00eda generar m\u00e1s de 100 puestos de trabajo (con proyecci\u00f3n de crecimiento) para vecinas y vecinos del distrito.<\/p>\n\n\n\n<p>Como compa\u00f1\u00eda global l\u00edder en soluciones log\u00edsticas a medida, brinda tres servicios fundamentales: almacenamiento, transporte y distribuci\u00f3n y soluciones a medida. La nueva sucursal cuenta con m\u00e1s de 17.000 metros cuadrados y est\u00e1 dise\u00f1ada para ampliar la capacidad operativa de la red log\u00edstica de OCASA, ya que se estima que podr\u00e1 procesar hasta 2,5 millones de paquetes mensuales durante los picos de actividad.<\/p>\n\n\n\n<p>Invert\u00ed en Esteban Echeverr\u00eda es una iniciativa municipal que brinda beneficios exclusivos \u2014como la eximici\u00f3n del 100% en las tasas municipales por diez a\u00f1os\u2014 a las empresas que se instalen en el distrito y a las que ya operan en el partido y buscan expandir sus instalaciones, siempre y cuando sumen puestos de trabajo locales. Adem\u00e1s, tambi\u00e9n est\u00e1n alcanzadas por la medida las compa\u00f1\u00edas que quieran desarrollar plantas industriales como galpones y naves que permitan incorporar nuevos centros operativos de diversas firmas.<\/p>\n","protected":false},"excerpt":{"rendered":"<p>El intendente de Esteban Echeverr\u00eda, Fernando Gray, recibi\u00f3 al CEO de OCASA, empresa que en mayo de este a\u00f1o se instalar\u00e1 en el distrito mediante el programa Invert\u00ed en Esteban Echeverr\u00eda y comenzar\u00e1 a beneficiarse de la exenci\u00f3n impositiva del r\u00e9gimen local por un lapso de diez a\u00f1os.&nbsp; &#8220;Es un honor saber que a nuestro [&hellip;]<\/p>\n","protected":false},"author":1,"featured_media":1532,"comment_status":"open","ping_status":"open","sticky":false,"template":"","format":"standard","meta":{"footnotes":""},"categories":[1],"tags":[],"class_list":["post-1530","post","type-post","status-publish","format-standard","has-post-thumbnail","hentry","category-politica"],"_links":{"self":[{"href":"https:\/\/laestaciononline.com.ar\/index.php?rest_route=\/wp\/v2\/posts\/1530","targetHints":{"allow":["GET"]}}],"collection":[{"href":"https:\/\/laestaciononline.com.ar\/index.php?rest_route=\/wp\/v2\/posts"}],"about":[{"href":"https:\/\/laestaciononline.com.ar\/index.php?rest_route=\/wp\/v2\/types\/post"}],"author":[{"embeddable":true,"href":"https:\/\/laestaciononline.com.ar\/index.php?rest_route=\/wp\/v2\/users\/1"}],"replies":[{"embeddable":true,"href":"https:\/\/laestaciononline.com.ar\/index.php?rest_route=%2Fwp%2Fv2%2Fcomments&post=1530"}],"version-history":[{"count":1,"href":"https:\/\/laestaciononline.com.ar\/index.php?rest_route=\/wp\/v2\/posts\/1530\/revisions"}],"predecessor-version":[{"id":1531,"href":"https:\/\/laestaciononline.com.ar\/index.php?rest_route=\/wp\/v2\/posts\/1530\/revisions\/1531"}],"wp:featuredmedia":[{"embeddable":true,"href":"https:\/\/laestaciononline.com.ar\/index.php?rest_route=\/wp\/v2\/media\/1532"}],"wp:attachment":[{"href":"https:\/\/laestaciononline.com.ar\/index.php?rest_route=%2Fwp%2Fv2%2Fmedia&parent=1530"}],"wp:term":[{"taxonomy":"category","embeddable":true,"href":"https:\/\/laestaciononline.com.ar\/index.php?rest_route=%2Fwp%2Fv2%2Fcategories&post=1530"},{"taxonomy":"post_tag","embeddable":true,"href":"https:\/\/laestaciononline.com.ar\/index.php?rest_route=%2Fwp%2Fv2%2Ftags&post=1530"}],"curies":[{"name":"wp","href":"https:\/\/api.w.org\/{rel}","templated":true}]}}