{"id":1540,"date":"2025-04-28T07:18:44","date_gmt":"2025-04-28T07:18:44","guid":{"rendered":"https:\/\/laestaciononline.com.ar\/?p=1540"},"modified":"2025-04-28T07:18:44","modified_gmt":"2025-04-28T07:18:44","slug":"desfiguraron-a-un-colectivero-en-un-robo-en-isidro-casanova-evaluan-paro","status":"publish","type":"post","link":"https:\/\/laestaciononline.com.ar\/?p=1540","title":{"rendered":"Desfiguraron a un colectivero en un robo en Isidro Casanova: eval\u00faan paro"},"content":{"rendered":"\n<p>Un&nbsp;<strong>chofer<\/strong>&nbsp;de&nbsp;<strong>colectivos<\/strong>&nbsp;de la l\u00ednea 378 de la&nbsp;<strong>empresa Almafuerte<\/strong>&nbsp;fue v\u00edctima de un brutal asalto en la localidad bonaerense de&nbsp;<strong>Isidro Casanova<\/strong>, partido de La Matanza, durante la noche del pasado s\u00e1bado, por el que les desfiguraron la cara y por el que sus colegas analizan la posibilidad de realizar un&nbsp;<strong>paro de actividades<\/strong>.<\/p>\n\n\n\n<p>El conductor sufri\u00f3 heridas cortopunzantes de gravedad en el rostro y el cuello tras ser abordado por un delincuente armado con un arma blanca en la intersecci\u00f3n de la calle Guillermo Marconi y la Ruta Nacional N\u00b0 3, alrededor de las 21:45.<\/p>\n\n\n\n<p>Seg\u00fan el testimonio de la v\u00edctima,\u00a0<strong>el agresor entabl\u00f3 una conversaci\u00f3n con \u00e9l durante el trayecto y perpetr\u00f3 el ataque al finalizar el recorrido, sustray\u00e9ndole sus pertenencias antes de darse a la fuga por las calles del barrio<\/strong>. Hasta el momento, la identidad del asaltante permanece desconocida.<\/p>\n\n\n\n<p>A pesar de la violencia del ataque y la profundidad de las heridas, que requirieron m\u00faltiples puntos de sutura, se inform\u00f3 que el&nbsp;<strong>colectivero se encuentra fuera de peligro<\/strong>.<\/p>\n\n\n\n<p>El grave episodio gener\u00f3 una fuerte conmoci\u00f3n y preocupaci\u00f3n entre sus compa\u00f1eros de trabajo. En las horas posteriores al hecho,&nbsp;<strong>numerosos choferes de la empresa Almafuerte se congregaron en la cabecera de la l\u00ednea, ubicada tambi\u00e9n en Isidro Casanova, para analizar posibles medidas de protesta.<\/strong><\/p>\n\n\n\n<p>La creciente ola de inseguridad que afecta a los trabajadores del transporte p\u00fablico en la zona ser\u00eda el principal motivo detr\u00e1s de la evaluaci\u00f3n de un posible paro de actividades.&nbsp;<strong>Los trabajadores buscan una respuesta contundente ante la escalada de violencia que los expone diariamente a situaciones de extremo riesgo durante su jornada laboral<\/strong>.<\/p>\n","protected":false},"excerpt":{"rendered":"<p>Un&nbsp;chofer&nbsp;de&nbsp;colectivos&nbsp;de la l\u00ednea 378 de la&nbsp;empresa Almafuerte&nbsp;fue v\u00edctima de un brutal asalto en la localidad bonaerense de&nbsp;Isidro Casanova, partido de La Matanza, durante la noche del pasado s\u00e1bado, por el que les desfiguraron la cara y por el que sus colegas analizan la posibilidad de realizar un&nbsp;paro de actividades. El conductor sufri\u00f3 heridas cortopunzantes de [&hellip;]<\/p>\n","protected":false},"author":1,"featured_media":1541,"comment_status":"open","ping_status":"open","sticky":false,"template":"","format":"standard","meta":{"footnotes":""},"categories":[1],"tags":[],"class_list":["post-1540","post","type-post","status-publish","format-standard","has-post-thumbnail","hentry","category-politica"],"_links":{"self":[{"href":"https:\/\/laestaciononline.com.ar\/index.php?rest_route=\/wp\/v2\/posts\/1540","targetHints":{"allow":["GET"]}}],"collection":[{"href":"https:\/\/laestaciononline.com.ar\/index.php?rest_route=\/wp\/v2\/posts"}],"about":[{"href":"https:\/\/laestaciononline.com.ar\/index.php?rest_route=\/wp\/v2\/types\/post"}],"author":[{"embeddable":true,"href":"https:\/\/laestaciononline.com.ar\/index.php?rest_route=\/wp\/v2\/users\/1"}],"replies":[{"embeddable":true,"href":"https:\/\/laestaciononline.com.ar\/index.php?rest_route=%2Fwp%2Fv2%2Fcomments&post=1540"}],"version-history":[{"count":1,"href":"https:\/\/laestaciononline.com.ar\/index.php?rest_route=\/wp\/v2\/posts\/1540\/revisions"}],"predecessor-version":[{"id":1542,"href":"https:\/\/laestaciononline.com.ar\/index.php?rest_route=\/wp\/v2\/posts\/1540\/revisions\/1542"}],"wp:featuredmedia":[{"embeddable":true,"href":"https:\/\/laestaciononline.com.ar\/index.php?rest_route=\/wp\/v2\/media\/1541"}],"wp:attachment":[{"href":"https:\/\/laestaciononline.com.ar\/index.php?rest_route=%2Fwp%2Fv2%2Fmedia&parent=1540"}],"wp:term":[{"taxonomy":"category","embeddable":true,"href":"https:\/\/laestaciononline.com.ar\/index.php?rest_route=%2Fwp%2Fv2%2Fcategories&post=1540"},{"taxonomy":"post_tag","embeddable":true,"href":"https:\/\/laestaciononline.com.ar\/index.php?rest_route=%2Fwp%2Fv2%2Ftags&post=1540"}],"curies":[{"name":"wp","href":"https:\/\/api.w.org\/{rel}","templated":true}]}}