{"id":1595,"date":"2025-05-06T07:39:24","date_gmt":"2025-05-06T07:39:24","guid":{"rendered":"https:\/\/laestaciononline.com.ar\/?p=1595"},"modified":"2025-05-06T07:52:44","modified_gmt":"2025-05-06T07:52:44","slug":"paro-de-colectivos-que-lineas-se-suman-y-cuales-no-prestan-servicio-hoy","status":"publish","type":"post","link":"https:\/\/laestaciononline.com.ar\/?p=1595","title":{"rendered":"Paro de colectivos: qu\u00e9 l\u00edneas se suman y cu\u00e1les no prestan servicio hoy"},"content":{"rendered":"\n<p>La \u00faltima instancia de\u00a0negociaci\u00f3n entre representantes de la\u00a0<strong>Uni\u00f3n Tranviarios Automotor (UTA)<\/strong>\u00a0y el Gobierno Nacional\u00a0result\u00f3 infructuosa, por lo que se lleva a cabe este martes un\u00a0<strong>paro total de colectivos en todo el pa\u00eds.<\/strong><\/p>\n\n\n\n<p>Las conversaciones se rompieron luego de que las c\u00e1maras empresarias del transporte (FATAP, AAETA, CEAP, CETUBA, CTPBA y CEUTUPBA) ofrecieran tres sumas no remunerativas: $40.000 a pagarse el 26 de mayo, $50.000 el 16 de junio y $70.000 el 15 de julio.<\/p>\n\n\n\n<p>La UTA rechaz\u00f3 enf\u00e1ticamente esta propuesta, consider\u00e1ndola insuficiente y manteniendo su firme reclamo de un salario b\u00e1sico de $1.700.000 para los trabajadores del sector.<\/p>\n\n\n\n<p>En este marco, la UTA lleva a cabo la medida de fuerza que deja al pa\u00eds sin colectivos durante 24 horas:&nbsp;<strong>comenz\u00f3 a las 00.00 de este martes 6 de mayo y se prolongar\u00e1 durante toda la jornada<\/strong>.<\/p>\n\n\n\n<h2 class=\"wp-block-heading\">Qu\u00e9 l\u00edneas de colectivos paran este martes<\/h2>\n\n\n\n<p>La&nbsp;<strong>Uni\u00f3n Tranviarios Automotor (UTA)<\/strong>&nbsp;mantuvo su convocatoria a un paro de colectivos por 24 horas a partir de las 0 del 6 mayo, que ya est\u00e1 confirmado que&nbsp;<strong>afecta a las l\u00edneas 22, 114, 129, 143, 145, 148, 159, 219, 300, 338, 372, 382, 383, 406, 500, 584, 603, 619 y 620<\/strong>.<\/p>\n\n\n\n<p>Se calcula que 9 millones de personas se ver\u00e1n afectadas de manera directa por el paro de la UTA en la Ciudad de Buenos Aires y el Conurbano bonaerense ya que aplicar\u00e1 a los servicios de corta y mediana distancia.<\/p>\n\n\n\n<p><strong>L\u00edneas confirmadas que se adhieren al paro de colectivos:<\/strong><\/p>\n\n\n\n<ul class=\"wp-block-list\">\n<li>\u00a01<\/li>\n\n\n\n<li>2<\/li>\n\n\n\n<li>4<\/li>\n\n\n\n<li>10<\/li>\n\n\n\n<li>12<\/li>\n\n\n\n<li>15<\/li>\n\n\n\n<li>17<\/li>\n\n\n\n<li>19<\/li>\n\n\n\n<li>22<\/li>\n\n\n\n<li>29<\/li>\n\n\n\n<li>32<\/li>\n\n\n\n<li>33<\/li>\n\n\n\n<li>34<\/li>\n\n\n\n<li>37<\/li>\n\n\n\n<li>39<\/li>\n\n\n\n<li>41<\/li>\n\n\n\n<li>42<\/li>\n\n\n\n<li>45<\/li>\n\n\n\n<li>46<\/li>\n\n\n\n<li>47<\/li>\n\n\n\n<li>49<\/li>\n\n\n\n<li>53<\/li>\n\n\n\n<li>55<\/li>\n\n\n\n<li>59<\/li>\n\n\n\n<li>60<\/li>\n\n\n\n<li>61<\/li>\n\n\n\n<li>62<\/li>\n\n\n\n<li>63<\/li>\n\n\n\n<li>64<\/li>\n\n\n\n<li>65<\/li>\n\n\n\n<li>67<\/li>\n\n\n\n<li>68<\/li>\n\n\n\n<li>70<\/li>\n\n\n\n<li>71<\/li>\n\n\n\n<li>75<\/li>\n\n\n\n<li>78<\/li>\n\n\n\n<li>86<\/li>\n\n\n\n<li>87<\/li>\n\n\n\n<li>88<\/li>\n\n\n\n<li>90<\/li>\n\n\n\n<li>92<\/li>\n\n\n\n<li>93<\/li>\n\n\n\n<li>95<\/li>\n\n\n\n<li>96<\/li>\n\n\n\n<li>97<\/li>\n\n\n\n<li>102<\/li>\n\n\n\n<li>103<\/li>\n\n\n\n<li>105<\/li>\n\n\n\n<li>109<\/li>\n\n\n\n<li>110<\/li>\n\n\n\n<li>111<\/li>\n\n\n\n<li>113<\/li>\n\n\n\n<li>114<\/li>\n\n\n\n<li>118<\/li>\n\n\n\n<li>119<\/li>\n\n\n\n<li>123<\/li>\n\n\n\n<li>124<\/li>\n\n\n\n<li>126<\/li>\n\n\n\n<li>127<\/li>\n\n\n\n<li>128<\/li>\n\n\n\n<li>129<\/li>\n\n\n\n<li>133<\/li>\n\n\n\n<li>136<\/li>\n\n\n\n<li>140<\/li>\n\n\n\n<li>143<\/li>\n\n\n\n<li>145<\/li>\n\n\n\n<li>148<\/li>\n\n\n\n<li>151<\/li>\n\n\n\n<li>152<\/li>\n\n\n\n<li>153<\/li>\n\n\n\n<li>154<\/li>\n\n\n\n<li>158<\/li>\n\n\n\n<li>159<\/li>\n\n\n\n<li>160<\/li>\n\n\n\n<li>163<\/li>\n\n\n\n<li>166<\/li>\n\n\n\n<li>169<\/li>\n\n\n\n<li>172<\/li>\n\n\n\n<li>174<\/li>\n\n\n\n<li>176<\/li>\n\n\n\n<li>178<\/li>\n\n\n\n<li>179<\/li>\n\n\n\n<li>180<\/li>\n\n\n\n<li>181<\/li>\n\n\n\n<li>182<\/li>\n\n\n\n<li>184<\/li>\n\n\n\n<li>185<\/li>\n\n\n\n<li>193<\/li>\n\n\n\n<li>194<\/li>\n\n\n\n<li>195<\/li>\n\n\n\n<li>219<\/li>\n\n\n\n<li>300<\/li>\n\n\n\n<li>338<\/li>\n\n\n\n<li>372<\/li>\n\n\n\n<li>382<\/li>\n\n\n\n<li>383<\/li>\n\n\n\n<li>406<\/li>\n\n\n\n<li>500<\/li>\n\n\n\n<li>584<\/li>\n\n\n\n<li>603<\/li>\n\n\n\n<li>619<\/li>\n\n\n\n<li>620<\/li>\n<\/ul>\n\n\n\n<h2 class=\"wp-block-heading\">Las l\u00edneas de Dota que funcionar\u00e1n con normalidad en el AMBA<\/h2>\n\n\n\n<p><strong>En la Ciudad de Buenos Aires son:<\/strong><\/p>\n\n\n\n<ul class=\"wp-block-list\">\n<li>\u00a06<\/li>\n\n\n\n<li>7<\/li>\n\n\n\n<li>8<\/li>\n\n\n\n<li>9<\/li>\n\n\n\n<li>12<\/li>\n\n\n\n<li>20<\/li>\n\n\n\n<li>21<\/li>\n\n\n\n<li>23<\/li>\n\n\n\n<li>24<\/li>\n\n\n\n<li>25<\/li>\n\n\n\n<li>28<\/li>\n\n\n\n<li>31<\/li>\n\n\n\n<li>44<\/li>\n\n\n\n<li>50<\/li>\n\n\n\n<li>51<\/li>\n\n\n\n<li>56<\/li>\n\n\n\n<li>57<\/li>\n\n\n\n<li>74<\/li>\n\n\n\n<li>76<\/li>\n\n\n\n<li>78<\/li>\n\n\n\n<li>79<\/li>\n\n\n\n<li>84<\/li>\n\n\n\n<li>87<\/li>\n\n\n\n<li>91<\/li>\n\n\n\n<li>99<\/li>\n\n\n\n<li>100<\/li>\n\n\n\n<li>101<\/li>\n\n\n\n<li>106<\/li>\n\n\n\n<li>107<\/li>\n\n\n\n<li>108<\/li>\n\n\n\n<li>111<\/li>\n\n\n\n<li>115<\/li>\n\n\n\n<li>117<\/li>\n\n\n\n<li>127<\/li>\n\n\n\n<li>130<\/li>\n\n\n\n<li>134<\/li>\n\n\n\n<li>135<\/li>\n\n\n\n<li>146<\/li>\n\n\n\n<li>150<\/li>\n\n\n\n<li>161<\/li>\n\n\n\n<li>164<\/li>\n\n\n\n<li>177<\/li>\n\n\n\n<li>188<\/li>\n<\/ul>\n\n\n\n<p><strong>En la provincia de Buenos Aires circular\u00e1n:<\/strong><\/p>\n\n\n\n<ul class=\"wp-block-list\">\n<li>\u00a0256<\/li>\n\n\n\n<li>263<\/li>\n\n\n\n<li>271<\/li>\n\n\n\n<li>299<\/li>\n\n\n\n<li>370<\/li>\n\n\n\n<li>384<\/li>\n\n\n\n<li>385<\/li>\n\n\n\n<li>388<\/li>\n\n\n\n<li>403<\/li>\n\n\n\n<li>405<\/li>\n\n\n\n<li>421<\/li>\n\n\n\n<li>429<\/li>\n\n\n\n<li>435<\/li>\n\n\n\n<li>440<\/li>\n\n\n\n<li>503<\/li>\n\n\n\n<li>514<\/li>\n\n\n\n<li>520<\/li>\n\n\n\n<li>540<\/li>\n\n\n\n<li>550<\/li>\n\n\n\n<li>551<\/li>\n\n\n\n<li>552<\/li>\n\n\n\n<li>553<\/li>\n\n\n\n<li>570<\/li>\n\n\n\n<li>740<\/li>\n<\/ul>\n","protected":false},"excerpt":{"rendered":"<p>La \u00faltima instancia de\u00a0negociaci\u00f3n entre representantes de la\u00a0Uni\u00f3n Tranviarios Automotor (UTA)\u00a0y el Gobierno Nacional\u00a0result\u00f3 infructuosa, por lo que se lleva a cabe este martes un\u00a0paro total de colectivos en todo el pa\u00eds. Las conversaciones se rompieron luego de que las c\u00e1maras empresarias del transporte (FATAP, AAETA, CEAP, CETUBA, CTPBA y CEUTUPBA) ofrecieran tres sumas no [&hellip;]<\/p>\n","protected":false},"author":1,"featured_media":1565,"comment_status":"open","ping_status":"open","sticky":false,"template":"","format":"standard","meta":{"footnotes":""},"categories":[1],"tags":[],"class_list":["post-1595","post","type-post","status-publish","format-standard","has-post-thumbnail","hentry","category-politica"],"_links":{"self":[{"href":"https:\/\/laestaciononline.com.ar\/index.php?rest_route=\/wp\/v2\/posts\/1595","targetHints":{"allow":["GET"]}}],"collection":[{"href":"https:\/\/laestaciononline.com.ar\/index.php?rest_route=\/wp\/v2\/posts"}],"about":[{"href":"https:\/\/laestaciononline.com.ar\/index.php?rest_route=\/wp\/v2\/types\/post"}],"author":[{"embeddable":true,"href":"https:\/\/laestaciononline.com.ar\/index.php?rest_route=\/wp\/v2\/users\/1"}],"replies":[{"embeddable":true,"href":"https:\/\/laestaciononline.com.ar\/index.php?rest_route=%2Fwp%2Fv2%2Fcomments&post=1595"}],"version-history":[{"count":1,"href":"https:\/\/laestaciononline.com.ar\/index.php?rest_route=\/wp\/v2\/posts\/1595\/revisions"}],"predecessor-version":[{"id":1596,"href":"https:\/\/laestaciononline.com.ar\/index.php?rest_route=\/wp\/v2\/posts\/1595\/revisions\/1596"}],"wp:featuredmedia":[{"embeddable":true,"href":"https:\/\/laestaciononline.com.ar\/index.php?rest_route=\/wp\/v2\/media\/1565"}],"wp:attachment":[{"href":"https:\/\/laestaciononline.com.ar\/index.php?rest_route=%2Fwp%2Fv2%2Fmedia&parent=1595"}],"wp:term":[{"taxonomy":"category","embeddable":true,"href":"https:\/\/laestaciononline.com.ar\/index.php?rest_route=%2Fwp%2Fv2%2Fcategories&post=1595"},{"taxonomy":"post_tag","embeddable":true,"href":"https:\/\/laestaciononline.com.ar\/index.php?rest_route=%2Fwp%2Fv2%2Ftags&post=1595"}],"curies":[{"name":"wp","href":"https:\/\/api.w.org\/{rel}","templated":true}]}}