{"id":160,"date":"2024-10-16T23:47:54","date_gmt":"2024-10-16T23:47:54","guid":{"rendered":"https:\/\/laestaciononline.com.ar\/?p=160"},"modified":"2024-10-16T23:49:26","modified_gmt":"2024-10-16T23:49:26","slug":"estudiantes-y-docentes-aprobaron-la-toma-de-la-universidad-nacional-de-lanus","status":"publish","type":"post","link":"https:\/\/laestaciononline.com.ar\/?p=160","title":{"rendered":"Estudiantes y docentes aprobaron la toma de la Universidad Nacional de Lan\u00fas"},"content":{"rendered":"\n<p>La <strong>Universidad Nacional de Lan\u00fas (UNLa)<\/strong> anunci\u00f3 que estudiantes, docentes y no docentes votaron en asamblea la toma de la instituci\u00f3n.<\/p>\n\n\n\n<p>&#8220;Tras la ratificaci\u00f3n del veto a la Ley de Financiamiento Universitario, los estudiantes de la UNLa decidieron en asamblea realizar una toma activa de la universidad por 24 horas&#8221;, informaron las autoridades.<\/p>\n\n\n\n<p>La universidad aclar\u00f3 que no se interrumpir\u00e1n las actividades acad\u00e9micas ni administrativas y que se llevar\u00e1n a cabo clases p\u00fablicas durante el per\u00edodo de la toma.<\/p>\n\n\n\n<p>Adem\u00e1s de la toma, se organizar\u00e1 un corte en las calles <strong>Malabia y Alsina<\/strong> y se realizar\u00e1 una marcha hasta <strong>Banfield<\/strong>.<\/p>\n\n\n\n<p>Por otro lado, se convoc\u00f3 a una nueva asamblea para el <strong>viernes a las 18 horas<\/strong>, donde se decidir\u00e1 la continuidad de las medidas de protesta.<\/p>\n\n\n\n<p><strong>Resoluciones aprobadas:<\/strong><\/p>\n\n\n\n<ul class=\"wp-block-list\">\n<li>Repudio a las agresiones por parte de sectores libertarios hacia estudiantes de la <strong>UNQ<\/strong>. Se plantea la necesidad de intensificar la lucha y fortalecer la organizaci\u00f3n.<\/li>\n\n\n\n<li>Solidaridad con los trabajadores en lucha, incluyendo a empleados de <strong>Bonaparte<\/strong>, <strong>aeron\u00e1uticos<\/strong>, <strong>ferroviarios<\/strong>, <strong>Guernica<\/strong>, y <strong>SiTraRepa<\/strong>, con el objetivo de unificar las fuerzas contra las pol\u00edticas de ajuste de <strong>Milei<\/strong> y sus aliados.<\/li>\n\n\n\n<li>Impulso a una gran marcha educativa, coordinada con otras universidades en toma, poniendo en primer plano a estudiantes, docentes y no docentes.<\/li>\n\n\n\n<li>Defensa de los espacios de organizaci\u00f3n estudiantil frente a los ataques de las autoridades universitarias.<\/li>\n<\/ul>\n","protected":false},"excerpt":{"rendered":"<p>La Universidad Nacional de Lan\u00fas (UNLa) anunci\u00f3 que estudiantes, docentes y no docentes votaron en asamblea la toma de la instituci\u00f3n. &#8220;Tras la ratificaci\u00f3n del veto a la Ley de Financiamiento Universitario, los estudiantes de la UNLa decidieron en asamblea realizar una toma activa de la universidad por 24 horas&#8221;, informaron las autoridades. La universidad [&hellip;]<\/p>\n","protected":false},"author":1,"featured_media":162,"comment_status":"open","ping_status":"open","sticky":false,"template":"","format":"standard","meta":{"footnotes":""},"categories":[1],"tags":[],"class_list":["post-160","post","type-post","status-publish","format-standard","has-post-thumbnail","hentry","category-politica"],"_links":{"self":[{"href":"https:\/\/laestaciononline.com.ar\/index.php?rest_route=\/wp\/v2\/posts\/160","targetHints":{"allow":["GET"]}}],"collection":[{"href":"https:\/\/laestaciononline.com.ar\/index.php?rest_route=\/wp\/v2\/posts"}],"about":[{"href":"https:\/\/laestaciononline.com.ar\/index.php?rest_route=\/wp\/v2\/types\/post"}],"author":[{"embeddable":true,"href":"https:\/\/laestaciononline.com.ar\/index.php?rest_route=\/wp\/v2\/users\/1"}],"replies":[{"embeddable":true,"href":"https:\/\/laestaciononline.com.ar\/index.php?rest_route=%2Fwp%2Fv2%2Fcomments&post=160"}],"version-history":[{"count":1,"href":"https:\/\/laestaciononline.com.ar\/index.php?rest_route=\/wp\/v2\/posts\/160\/revisions"}],"predecessor-version":[{"id":161,"href":"https:\/\/laestaciononline.com.ar\/index.php?rest_route=\/wp\/v2\/posts\/160\/revisions\/161"}],"wp:featuredmedia":[{"embeddable":true,"href":"https:\/\/laestaciononline.com.ar\/index.php?rest_route=\/wp\/v2\/media\/162"}],"wp:attachment":[{"href":"https:\/\/laestaciononline.com.ar\/index.php?rest_route=%2Fwp%2Fv2%2Fmedia&parent=160"}],"wp:term":[{"taxonomy":"category","embeddable":true,"href":"https:\/\/laestaciononline.com.ar\/index.php?rest_route=%2Fwp%2Fv2%2Fcategories&post=160"},{"taxonomy":"post_tag","embeddable":true,"href":"https:\/\/laestaciononline.com.ar\/index.php?rest_route=%2Fwp%2Fv2%2Ftags&post=160"}],"curies":[{"name":"wp","href":"https:\/\/api.w.org\/{rel}","templated":true}]}}