{"id":1623,"date":"2025-05-09T02:16:39","date_gmt":"2025-05-09T02:16:39","guid":{"rendered":"https:\/\/laestaciononline.com.ar\/?p=1623"},"modified":"2025-05-09T07:37:51","modified_gmt":"2025-05-09T07:37:51","slug":"agenda-la-mejor-seleccion-de-actividades-para-este-finde-en-la-region-5","status":"publish","type":"post","link":"https:\/\/laestaciononline.com.ar\/?p=1623","title":{"rendered":"AGEND\u00c1\/ La mejor selecci\u00f3n de actividades para este finde en la regi\u00f3n"},"content":{"rendered":"\n<pre class=\"wp-block-preformatted\">La regi\u00f3n presenta una variada y rica agenda cultural y gastron\u00f3mica para este fin de semana. Con actividades y espect\u00e1culos al aire libre, tanto gratuitos como pagos, para el disfrute de la comunidad.<br><br><strong>Viernes 9\/5<\/strong><br><br>-Brown: Aniversario: Brown anuncio que Jose Marmol cumple 141\u2070 de Aniversario, habra: Artistas locales, Feria Mi Pyme, Brown a Cielo Abierto y Clases abiertas. Sera en Plaza de los aromos de nuestra se\u00f1ora de Lujan. Desde las 15hs.<br><br>-Brown: Teatro: Brown informo que habra un nuevo obra llamada \"M\u00e1rtires\": La obra trata sobre algunos santos profanos de nuestra regi\u00f3n. Espect\u00e1culo 360 de teatro alternativo, donde no hay butacas y no hay escenario, cada espectador puede transitar por el espacio. Sera en Casa de la Cultura de Adrogu\u00e9. A las 20:30hs.<br><br>-Avellaneda: Rock: Avellaneda anuncio que habra una noche de rock suburbano, tocaran bandas y cantantes como: Despues de tanto, Ciegos Rock, ValenteDrums. Sera en Av. Hip\u00f3lito Yrigoyen 351. A las 19:30hs.<br><br>-Quilmes: Musica: Quilmes informo que este viernes sera una noche llena de folklore, tango y flamenco, donde la m\u00fasica y la danza ser\u00e1n las protagonistas. Con la participaci\u00f3n destacada del grupo Tramados. Sera en el Teatro Municipal de Quilmes. A las 20hs. Las entradas se retirian en boleter\u00eda de lunes a viernes de 9hs. Hasta 18hs. Entradas virtuales en: WWW.QUILMES.GOV.AR\/AGENDA<br><br><strong>Sabado 10\/5<\/strong><br><br>-Brown: Aniversario: Brown anuncio que Jose Marmol cumple 141\u2070 de Aniversario, habra: Artistas locales, Feria Mi Pyme, Brown a Cielo Abierto y Clases abiertas. Sera en Plaza de los aromos de nuestra se\u00f1ora de Lujan. Desde las 15hs.<br><br>-Brown: FRIM: Brown informo qe vuelve La Feria Regional de la Industria Musical, habra: m\u00fasica en vivo, charlas, talleres y un espacio de encuentro para artistas, productores y fanaticos de la m\u00fasica. Sera en Casa de la Cultura de Adrogu\u00e9. E. Adrogu\u00e9 1224, Adrogu\u00e9. Desde las 14hs. Entrada libre y gratuita.<br><br>-Brown: Muestra: Brown anuncio que habra cuatro artistas presentan sus obras de arte con una mirada profunda sobre el arte como narrador de historias. Sera en la Casa de la Cultura Ministro Rivadavia. A las 15hs.<br><br>-Brown: Gastronomia: Brown anuncio que habra un gran Corredor Gastronomico, habra M\u00fasica, Danza, Shows en vivo, Cocteler\u00eda, Gastronom\u00eda y Folclore. Sera e H. Yrigoyen e\/ M. Belgrano y Bolivar. A las 19hs.<br><br>-Avellaneda: Pe\u00f1a: Avellaneda informo que vuelve la Pe\u00f1a Patria, habra: M\u00fasica en vivo, Muestra de conjuntos de danzas de los puntos culturales, Buffet Popular y Pista de baile. Sera en Col\u00f3n y Berutti, Casa del Bicentenario. Desde las 21hs. Hasta las 2hs.<br><br>Domingo 11\/5<br><br>-Brown: Aniversario: Brown anuncio que Jose Marmol cumple 141\u2070 de Aniversario, habra: Artistas locales, Feria Mi Pyme, Brown a Cielo Abierto y Clases abiertas. Sera en Plaza de los aromos de nuestra se\u00f1ora de Lujan. Desde las 15hs.<br><br>-Brown: FRIM: Brown informo qe vuelve La Feria Regional de la Industria Musical, habra: m\u00fasica en vivo, charlas, talleres y un espacio de encuentro para artistas, productores y fanaticos de la m\u00fasica. Sera en Casa de la Cultura de Adrogu\u00e9. E. Adrogu\u00e9 1224, Adrogu\u00e9. Desde las 13hs. Entrada libre y gratuita.<br><br>-Brown: Entretenimiento : Brown anuncio que habra un nuevo Carnaval de la risa, habra una gran variedad de artistas para los distintos espectaculos, como por ejemplo: Yanca (tributo a Rodrigo), Claudio (tributo a Antonio R\u00edos) y Vanesa Retamozo. Sera en Centro de Arte y Cultura E. S. Disc\u00e9polo. E. de Burzaco 740, Burzaco. A las 18:30hs<br><br>-Lomas: Matin\u00e9e: Lomas informo que vuelve el Matin\u00e9e, habra:  Luces y sonido atenuados, habra libertad de movimiento por el lugar, sera a puertas abiertas y se puede entrar con un acompa\u00f1ante en caso que sea necesario. Sera en el Auditorio Sur, Av. Meeks 1080,Temperley. Desde las 17hs. Hasta las 19hs.<\/pre>\n","protected":false},"excerpt":{"rendered":"<p>La regi\u00f3n presenta una variada y rica agenda cultural y gastron\u00f3mica para este fin de semana. Con actividades y espect\u00e1culos al aire libre, tanto gratuitos como pagos, para el disfrute de la comunidad.Viernes 9\/5-Brown: Aniversario: Brown anuncio que Jose Marmol cumple 141\u2070 de Aniversario, habra: Artistas locales, Feria Mi Pyme, Brown a Cielo Abierto y [&hellip;]<\/p>\n","protected":false},"author":1,"featured_media":1625,"comment_status":"open","ping_status":"open","sticky":false,"template":"","format":"standard","meta":{"footnotes":""},"categories":[1],"tags":[],"class_list":["post-1623","post","type-post","status-publish","format-standard","has-post-thumbnail","hentry","category-politica"],"_links":{"self":[{"href":"https:\/\/laestaciononline.com.ar\/index.php?rest_route=\/wp\/v2\/posts\/1623","targetHints":{"allow":["GET"]}}],"collection":[{"href":"https:\/\/laestaciononline.com.ar\/index.php?rest_route=\/wp\/v2\/posts"}],"about":[{"href":"https:\/\/laestaciononline.com.ar\/index.php?rest_route=\/wp\/v2\/types\/post"}],"author":[{"embeddable":true,"href":"https:\/\/laestaciononline.com.ar\/index.php?rest_route=\/wp\/v2\/users\/1"}],"replies":[{"embeddable":true,"href":"https:\/\/laestaciononline.com.ar\/index.php?rest_route=%2Fwp%2Fv2%2Fcomments&post=1623"}],"version-history":[{"count":1,"href":"https:\/\/laestaciononline.com.ar\/index.php?rest_route=\/wp\/v2\/posts\/1623\/revisions"}],"predecessor-version":[{"id":1624,"href":"https:\/\/laestaciononline.com.ar\/index.php?rest_route=\/wp\/v2\/posts\/1623\/revisions\/1624"}],"wp:featuredmedia":[{"embeddable":true,"href":"https:\/\/laestaciononline.com.ar\/index.php?rest_route=\/wp\/v2\/media\/1625"}],"wp:attachment":[{"href":"https:\/\/laestaciononline.com.ar\/index.php?rest_route=%2Fwp%2Fv2%2Fmedia&parent=1623"}],"wp:term":[{"taxonomy":"category","embeddable":true,"href":"https:\/\/laestaciononline.com.ar\/index.php?rest_route=%2Fwp%2Fv2%2Fcategories&post=1623"},{"taxonomy":"post_tag","embeddable":true,"href":"https:\/\/laestaciononline.com.ar\/index.php?rest_route=%2Fwp%2Fv2%2Ftags&post=1623"}],"curies":[{"name":"wp","href":"https:\/\/api.w.org\/{rel}","templated":true}]}}