{"id":223,"date":"2024-10-28T21:20:55","date_gmt":"2024-10-28T21:20:55","guid":{"rendered":"https:\/\/laestaciononline.com.ar\/?p=223"},"modified":"2024-10-28T21:24:14","modified_gmt":"2024-10-28T21:24:14","slug":"el-gobierno-volvera-a-reunirse-con-la-uta-para-tratar-de-frenar-el-paro-de-colectivos-en-el-amba","status":"publish","type":"post","link":"https:\/\/laestaciononline.com.ar\/?p=223","title":{"rendered":"El Gobierno volver\u00e1 a reunirse con la UTA para tratar de frenar el paro de colectivos en el AMBA"},"content":{"rendered":"\n<p>Sin la posibilidad de dictar la conciliaci\u00f3n obligatoria, el Gobierno volver\u00e1 a reunirse con la\u00a0<strong>Uni\u00f3n Tranviarios Automotor (UTA)<\/strong>\u00a0para tratar de llegar a un acuerdo salarial que deje sin efecto el paro de colectivos convocado por el gremio para el jueves y que afectar\u00eda a la mayor\u00eda de las l\u00edneas que circulan por el \u00c1rea Metropolitana de Buenos Aires (AMBA).<\/p>\n\n\n\n<p>De acuerdo con lo que precisaron a\u00a0<strong>Infobae<\/strong>\u00a0fuentes del sector, el encuentro est\u00e1 previsto para este mi\u00e9rcoles\u00a0<strong>a las 17:00 en la Secretar\u00eda de Trabajo<\/strong>, con la participaci\u00f3n de autoridades nacionales y representantes de ese sindicato liderado por\u00a0<strong>Roberto Fern\u00e1ndez<\/strong>.<\/p>\n\n\n\n<p>A la conversaci\u00f3n no asistir\u00e1 el titular de esta cartera,<strong>\u00a0Julio Cordero<\/strong>, ya que se encuentra de viaje, pero en su lugar estar\u00eda el subsecretario de Relaciones del Trabajo,\u00a0<strong>Mart\u00edn Huidobro<\/strong>, que suele quedar al frente de estas negociaciones.<\/p>\n\n\n\n<p>Por otra parte, la reuni\u00f3n con la UTA se dar\u00e1\u00a0<strong>en medio del paro masivo de transporte que impulsa el ala dura de la CGT\u00a0<\/strong>y que afectar\u00e1 a los camiones, trenes, barcos y aviones, en este caso, en todo el pa\u00eds.<\/p>\n\n\n\n<p>Tal como\u00a0anticip\u00f3\u00a0este medio, el gremio decidi\u00f3 no adherir a esa protesta y, en cambio, decretar una medida de fuerza propia para el d\u00eda siguiente y con su propio reclamo por un aumento salarial.<\/p>\n\n\n\n<p><strong>\u201cNo podemos quedar cautivos del moyanismo\u201d,&nbsp;<\/strong>dijo un dirigente de la UTA acerca de los motivos por los cuales decidieron convocar a un cese de actividades separado del que anunci\u00f3&nbsp;<strong>Pablo Moyano&nbsp;<\/strong>(Camioneros) y los gremios aeron\u00e1uticos.<\/p>\n\n\n\n<p>Entre los que convocaron al paro del mi\u00e9rcoles, se encuentran&nbsp;<strong>Juan Pablo Brey&nbsp;<\/strong>(Aeronavegantes),<strong>&nbsp;Omar Maturano&nbsp;<\/strong>(La Fraternidad),<strong>&nbsp;Juan Carlos Schmid&nbsp;<\/strong>(Fempinra),&nbsp;<strong>Roberto Coria&nbsp;<\/strong>(Guincheros),&nbsp;<strong>Pablo Bir\u00f3<\/strong>&nbsp;(APLA),&nbsp;<strong>Alberto Pianelli<\/strong>&nbsp;y&nbsp;<strong>N\u00e9stor Segovia<\/strong>&nbsp;(Metrodelegados),<strong>&nbsp;Ra\u00fal Durdos&nbsp;<\/strong>(SOMU),&nbsp;<strong>Marcelo Pariente<\/strong>&nbsp;(Motoqueros),&nbsp;<strong>Jorge Garc\u00eda<\/strong>&nbsp;(Taxistas) y&nbsp;<strong>Graciela Ale\u00f1\u00e1<\/strong>&nbsp;(Viales).<\/p>\n\n\n\n<p>A ellos recientemente se les sumaron sindicatos de maestros, como la Federaci\u00f3n de Docentes de las Universidades (FEDUN); la Asociaci\u00f3n de Trabajadores del Estado (ATE) y la Uni\u00f3n de Trabajadores y Trabajadoras de la Econom\u00eda Popular (UTEP), que integran varios movimientos sociales.<\/p>\n\n\n\n<p>Por su parte, el sindicato de Roberto Fern\u00e1ndez mantuvo este mismo lunes una reuni\u00f3n en las oficinas de la Secretar\u00eda de Trabajo, ubicadas en la avenida Callao al 114, pero no hubo un acuerdo, ya que las autoridades nacionales \u201cno hicieron ninguna oferta\u201d.<\/p>\n\n\n\n<p>\u201cComunicamos a los trabajadores y a todo el p\u00fablico usuario, que se termin\u00f3 el proceso de conciliaci\u00f3n laboral obligatoria decretado por la Secretaria de Trabajo, incluso se termin\u00f3 la pr\u00f3rroga dispuesta. Resultado de ello: nada de propuesta\u201d, remarc\u00f3 el gremio en un texto que public\u00f3 en las redes sociales.<\/p>\n\n\n\n<p>Al ser un conflicto entre estas dos partes, por el momento no fueron convocadas las empresas que est\u00e1n a cargo de la operaci\u00f3n del servicio en el AMBA, las cuales est\u00e1n agrupadas en la Asociaci\u00f3n Argentina de Empresarios del Transporte Automotor (AAETA), la C\u00e1mara Empresaria del Autotransporte de Pasajeros (CEAP), la C\u00e1mara de Transporte de la Provincia de Buenos Aires (CTPBA) y la C\u00e1mara de Empresarios Unidos del Transporte Urbano de Pasajeros de Buenos Aires (CEUTUPBA).<\/p>\n\n\n\n<p>Actualmente, el salario de un colectivero se encuentra en&nbsp;<strong>1.060.000 pesos<\/strong>, una cifra que Fern\u00e1ndez consider\u00f3 insuficiente. Por su parte, las empresas exigen una actualizaci\u00f3n de los fondos que reciben del Estado en concepto de subsidios.<\/p>\n\n\n\n<p>De hecho, la situaci\u00f3n ya se hab\u00eda agravado, al punto tal de que las compa\u00f1\u00edas del sector est\u00e1n hace meses&nbsp;<strong>operando con una frecuencia reducida en un 50% en horario nocturno,<\/strong>&nbsp;lo que perjudic\u00f3 tambi\u00e9n a los empleados, que no pueden cobrar as\u00ed horas extra.<\/p>\n\n\n\n<p>\u201cLos empresarios culpan al Estado y los hacen a ellos responsables; el Estado dice haberle otorgado las partidas para afrontar el pago de los trabajadores y nosotros les decimos a nuestros patrones que existe un riesgo empresario que deben asumir porque, mientras, nosotros seguimos trabajando y llevando adelante este sistema de transporte que moviliza a millones de pasajeros sin tener una recomposici\u00f3n salarial acorde, y la inmensa responsabilidad de transportar seres humanos\u201d, cuestion\u00f3 la UTA.<\/p>\n\n\n\n<p>En este contexto, el gremio ratific\u00f3: \u201cPor eso, y porque se termin\u00f3,<strong>&nbsp;continuamos con nuestro plan de lucha y anunciamos que haremos un paro por 24 horas en el Autotransporte P\u00fablico de Pasajeros del AMBA, desde las 0.00 hs del d\u00eda 31 de octubre hasta las 0.00 hs del 1 de noviembre de 2024\u2033.<\/strong><\/p>\n","protected":false},"excerpt":{"rendered":"<p>Sin la posibilidad de dictar la conciliaci\u00f3n obligatoria, el Gobierno volver\u00e1 a reunirse con la\u00a0Uni\u00f3n Tranviarios Automotor (UTA)\u00a0para tratar de llegar a un acuerdo salarial que deje sin efecto el paro de colectivos convocado por el gremio para el jueves y que afectar\u00eda a la mayor\u00eda de las l\u00edneas que circulan por el \u00c1rea Metropolitana [&hellip;]<\/p>\n","protected":false},"author":1,"featured_media":216,"comment_status":"open","ping_status":"open","sticky":false,"template":"","format":"standard","meta":{"footnotes":""},"categories":[1],"tags":[],"class_list":["post-223","post","type-post","status-publish","format-standard","has-post-thumbnail","hentry","category-politica"],"_links":{"self":[{"href":"https:\/\/laestaciononline.com.ar\/index.php?rest_route=\/wp\/v2\/posts\/223","targetHints":{"allow":["GET"]}}],"collection":[{"href":"https:\/\/laestaciononline.com.ar\/index.php?rest_route=\/wp\/v2\/posts"}],"about":[{"href":"https:\/\/laestaciononline.com.ar\/index.php?rest_route=\/wp\/v2\/types\/post"}],"author":[{"embeddable":true,"href":"https:\/\/laestaciononline.com.ar\/index.php?rest_route=\/wp\/v2\/users\/1"}],"replies":[{"embeddable":true,"href":"https:\/\/laestaciononline.com.ar\/index.php?rest_route=%2Fwp%2Fv2%2Fcomments&post=223"}],"version-history":[{"count":1,"href":"https:\/\/laestaciononline.com.ar\/index.php?rest_route=\/wp\/v2\/posts\/223\/revisions"}],"predecessor-version":[{"id":224,"href":"https:\/\/laestaciononline.com.ar\/index.php?rest_route=\/wp\/v2\/posts\/223\/revisions\/224"}],"wp:featuredmedia":[{"embeddable":true,"href":"https:\/\/laestaciononline.com.ar\/index.php?rest_route=\/wp\/v2\/media\/216"}],"wp:attachment":[{"href":"https:\/\/laestaciononline.com.ar\/index.php?rest_route=%2Fwp%2Fv2%2Fmedia&parent=223"}],"wp:term":[{"taxonomy":"category","embeddable":true,"href":"https:\/\/laestaciononline.com.ar\/index.php?rest_route=%2Fwp%2Fv2%2Fcategories&post=223"},{"taxonomy":"post_tag","embeddable":true,"href":"https:\/\/laestaciononline.com.ar\/index.php?rest_route=%2Fwp%2Fv2%2Ftags&post=223"}],"curies":[{"name":"wp","href":"https:\/\/api.w.org\/{rel}","templated":true}]}}