{"id":2461,"date":"2025-09-02T15:46:47","date_gmt":"2025-09-02T15:46:47","guid":{"rendered":"https:\/\/laestaciononline.com.ar\/?p=2461"},"modified":"2025-09-02T15:46:47","modified_gmt":"2025-09-02T15:46:47","slug":"acusan-a-patricia-bullrich-de-abuso-de-autoridad-por-solicitar-allanamientos-contra-periodistas","status":"publish","type":"post","link":"https:\/\/laestaciononline.com.ar\/?p=2461","title":{"rendered":"Acusan a Patricia Bullrich de abuso de autoridad por solicitar allanamientos contra periodistas"},"content":{"rendered":"\n<p>La ministra de Seguridad de la Naci\u00f3n,<strong>\u00a0Patricia Bullrich<\/strong>, fue\u00a0<strong>denunciada\u00a0<\/strong>por el delito de<strong>\u00a0abuso de autoridad<\/strong>, tras haber solicitado allanamientos a los periodistas\u00a0<strong>Jorge Rial y Mauro Federico<\/strong>, y a los estudios de<em>\u00a0Carnaval Stream.<\/em><\/p>\n\n\n\n<p>La denuncia contra Bullrich fue realizada este martes por el abogado<strong>&nbsp;Gregorio Dalb\u00f3n<\/strong>, tras la presentaci\u00f3n del Poder Ejecutivo por una supuesta&nbsp;<strong>violaci\u00f3n a la Ley de Inteligencia.<\/strong><\/p>\n\n\n\n<p>a ministra de Seguridad de la Naci\u00f3n,<strong>&nbsp;Patricia Bullrich<\/strong>, fue&nbsp;<strong>denunciada&nbsp;<\/strong>por el delito de<strong>&nbsp;abuso de autoridad<\/strong>, tras haber solicitado allanamientos a los periodistas&nbsp;<strong>Jorge Rial y Mauro Federico<\/strong>, y a los estudios de<em>&nbsp;Carnaval Stream.<\/em><\/p>\n\n\n\n<p>La denuncia contra Bullrich fue realizada este martes por el abogado<strong>&nbsp;Gregorio Dalb\u00f3n<\/strong>, tras la presentaci\u00f3n del Poder Ejecutivo por una supuesta&nbsp;<strong>violaci\u00f3n a la Ley de Inteligencia.<\/strong><\/p>\n\n\n\n<p>El abogado advirti\u00f3 que en esa denuncia por violaci\u00f3n a la ley de inteligencia nacional, el ministerio de Seguridad solicit\u00f3 \u201cmedidas manifiestamente contrarias a la Constituci\u00f3n y a los est\u00e1ndares internacionales en materia de libertad de expresi\u00f3n\u201d.<\/p>\n\n\n\n<p>Bullrich solicit\u00f3 ayer el allanamiento de los estudios de&nbsp;<em>Carnaval Stream<\/em>&nbsp;y de los domicilios de Rial y Federico, entre otros.<\/p>\n\n\n\n<p>Adicionalmente, pidi\u00f3 una medida cautelar para la \u201cprohibici\u00f3n de difusi\u00f3n, reproducci\u00f3n y\/o circulaci\u00f3n por cualquier medio de los audios y\/o cualquier otro elemento escrito o audiovisual obtenidos en el marco de la operaci\u00f3n il\u00edcita denunciada, bajo apercibimiento legal\u201d (sic).<\/p>\n","protected":false},"excerpt":{"rendered":"<p>La ministra de Seguridad de la Naci\u00f3n,\u00a0Patricia Bullrich, fue\u00a0denunciada\u00a0por el delito de\u00a0abuso de autoridad, tras haber solicitado allanamientos a los periodistas\u00a0Jorge Rial y Mauro Federico, y a los estudios de\u00a0Carnaval Stream. La denuncia contra Bullrich fue realizada este martes por el abogado&nbsp;Gregorio Dalb\u00f3n, tras la presentaci\u00f3n del Poder Ejecutivo por una supuesta&nbsp;violaci\u00f3n a la Ley [&hellip;]<\/p>\n","protected":false},"author":1,"featured_media":2462,"comment_status":"open","ping_status":"open","sticky":false,"template":"","format":"standard","meta":{"footnotes":""},"categories":[1],"tags":[],"class_list":["post-2461","post","type-post","status-publish","format-standard","has-post-thumbnail","hentry","category-politica"],"_links":{"self":[{"href":"https:\/\/laestaciononline.com.ar\/index.php?rest_route=\/wp\/v2\/posts\/2461","targetHints":{"allow":["GET"]}}],"collection":[{"href":"https:\/\/laestaciononline.com.ar\/index.php?rest_route=\/wp\/v2\/posts"}],"about":[{"href":"https:\/\/laestaciononline.com.ar\/index.php?rest_route=\/wp\/v2\/types\/post"}],"author":[{"embeddable":true,"href":"https:\/\/laestaciononline.com.ar\/index.php?rest_route=\/wp\/v2\/users\/1"}],"replies":[{"embeddable":true,"href":"https:\/\/laestaciononline.com.ar\/index.php?rest_route=%2Fwp%2Fv2%2Fcomments&post=2461"}],"version-history":[{"count":1,"href":"https:\/\/laestaciononline.com.ar\/index.php?rest_route=\/wp\/v2\/posts\/2461\/revisions"}],"predecessor-version":[{"id":2463,"href":"https:\/\/laestaciononline.com.ar\/index.php?rest_route=\/wp\/v2\/posts\/2461\/revisions\/2463"}],"wp:featuredmedia":[{"embeddable":true,"href":"https:\/\/laestaciononline.com.ar\/index.php?rest_route=\/wp\/v2\/media\/2462"}],"wp:attachment":[{"href":"https:\/\/laestaciononline.com.ar\/index.php?rest_route=%2Fwp%2Fv2%2Fmedia&parent=2461"}],"wp:term":[{"taxonomy":"category","embeddable":true,"href":"https:\/\/laestaciononline.com.ar\/index.php?rest_route=%2Fwp%2Fv2%2Fcategories&post=2461"},{"taxonomy":"post_tag","embeddable":true,"href":"https:\/\/laestaciononline.com.ar\/index.php?rest_route=%2Fwp%2Fv2%2Ftags&post=2461"}],"curies":[{"name":"wp","href":"https:\/\/api.w.org\/{rel}","templated":true}]}}