{"id":2473,"date":"2025-09-04T12:57:33","date_gmt":"2025-09-04T12:57:33","guid":{"rendered":"https:\/\/laestaciononline.com.ar\/?p=2473"},"modified":"2025-09-04T13:19:34","modified_gmt":"2025-09-04T13:19:34","slug":"desencajado-javier-milei-en-moreno-minuto-a-minuto-del-cierre-de-campana-discurso-e-incidentes","status":"publish","type":"post","link":"https:\/\/laestaciononline.com.ar\/?p=2473","title":{"rendered":"Desencajado Javier Milei en Moreno por la poca concurrencia defendi\u00f3 a su hermana, y dijo que &#8220;hay empate t\u00e9cnico&#8221;"},"content":{"rendered":"\n<p>El acto de cierre de campa\u00f1a de <strong>La Libertad Avanza (LLA)<\/strong> en la provincia de Buenos Aires, realizado en Moreno y encabezado por <strong>Javier Milei<\/strong>, gener\u00f3 repercusiones no solo por las advertencias previas del Gobierno bonaerense \u2014tras los incidentes ocurridos la semana anterior en Lomas de Zamora durante la frustrada caravana libertaria\u2014 sino tambi\u00e9n por la baja convocatoria que expuso debilidad en la recta final hacia las elecciones.<\/p>\n\n\n\n<p>Lejos de la asistencia que promet\u00edan los organizadores, el encuentro en el club Villa \u00c1ngela \u2014al que la comunicaci\u00f3n oficial del partido present\u00f3 como \u201cclub de barro\u201d\u2014 result\u00f3 un fracaso en t\u00e9rminos de p\u00fablico. Pese a la movilizaci\u00f3n en micros y la participaci\u00f3n de punteros vinculados al duhaldismo, no se logr\u00f3 llenar ni media cancha.<\/p>\n\n\n\n<p>El armador local, conocido como el \u201cNene\u201d Vera, hab\u00eda asegurado que reunir\u00eda a unas 10 mil personas. Sin embargo, la concurrencia fue mucho menor, incluso con la denuncia de que se ofrecieron pagos de hasta 20 mil pesos por asistente. La decepci\u00f3n fue evidente cuando parte del p\u00fablico comenz\u00f3 a retirarse antes de que Milei concluyera su discurso.<\/p>\n\n\n\n<p>En el escenario, el candidato libertario se mostr\u00f3 <strong>visiblemente alterado<\/strong> y se vio obligado a abrir su intervenci\u00f3n refiri\u00e9ndose al esc\u00e1ndalo de coimas que atraves\u00f3 su campa\u00f1a: <em>\u201cImag\u00ednense c\u00f3mo deben estar las cosas en la provincia de Buenos Aires para que hayan hecho los tres tipos de operaciones todas juntas: trataron de acusarnos de chorros, fueron contra nuestras vidas humanas y adem\u00e1s se metieron con mi hermana\u201d<\/em>, lanz\u00f3.<\/p>\n\n\n\n<p>Milei aprovech\u00f3 tambi\u00e9n para <strong>defender p\u00fablicamente a su hermana Karina<\/strong>, figura central en el armado libertario, a quien consider\u00f3 blanco de ataques en los \u00faltimos d\u00edas. Seg\u00fan dijo, el \u201censa\u00f1amiento\u201d contra ella forma parte de una estrategia para debilitarlo en la recta final.<\/p>\n\n\n\n<p>En un intento por levantar el \u00e1nimo de los militantes, el libertario sostuvo que existe un <strong>\u201cempate t\u00e9cnico\u201d en la provincia de Buenos Aires<\/strong>, relativizando la baja convocatoria del acto y asegurando que su espacio a\u00fan tiene chances de disputar el resultado frente a las fuerzas tradicionales. <em>\u201cNos quieren hacer creer que estamos derrotados, pero los n\u00fameros muestran otra cosa\u201d<\/em>, afirm\u00f3.<\/p>\n\n\n\n<p>El discurso cerr\u00f3 con un Milei desencajado, entre la necesidad de defender a su c\u00edrculo \u00edntimo y la urgencia de mostrar fuerza en un distrito clave. Sin embargo, la postal de un estadio semivac\u00edo y el retiro anticipado de muchos asistentes opac\u00f3 la imagen de lo que pretend\u00eda ser una demostraci\u00f3n de poder pol\u00edtico.<\/p>\n","protected":false},"excerpt":{"rendered":"<p>El acto de cierre de campa\u00f1a de La Libertad Avanza (LLA) en la provincia de Buenos Aires, realizado en Moreno y encabezado por Javier Milei, gener\u00f3 repercusiones no solo por las advertencias previas del Gobierno bonaerense \u2014tras los incidentes ocurridos la semana anterior en Lomas de Zamora durante la frustrada caravana libertaria\u2014 sino tambi\u00e9n por [&hellip;]<\/p>\n","protected":false},"author":1,"featured_media":2475,"comment_status":"open","ping_status":"open","sticky":false,"template":"","format":"standard","meta":{"footnotes":""},"categories":[1],"tags":[],"class_list":["post-2473","post","type-post","status-publish","format-standard","has-post-thumbnail","hentry","category-politica"],"_links":{"self":[{"href":"https:\/\/laestaciononline.com.ar\/index.php?rest_route=\/wp\/v2\/posts\/2473","targetHints":{"allow":["GET"]}}],"collection":[{"href":"https:\/\/laestaciononline.com.ar\/index.php?rest_route=\/wp\/v2\/posts"}],"about":[{"href":"https:\/\/laestaciononline.com.ar\/index.php?rest_route=\/wp\/v2\/types\/post"}],"author":[{"embeddable":true,"href":"https:\/\/laestaciononline.com.ar\/index.php?rest_route=\/wp\/v2\/users\/1"}],"replies":[{"embeddable":true,"href":"https:\/\/laestaciononline.com.ar\/index.php?rest_route=%2Fwp%2Fv2%2Fcomments&post=2473"}],"version-history":[{"count":4,"href":"https:\/\/laestaciononline.com.ar\/index.php?rest_route=\/wp\/v2\/posts\/2473\/revisions"}],"predecessor-version":[{"id":2482,"href":"https:\/\/laestaciononline.com.ar\/index.php?rest_route=\/wp\/v2\/posts\/2473\/revisions\/2482"}],"wp:featuredmedia":[{"embeddable":true,"href":"https:\/\/laestaciononline.com.ar\/index.php?rest_route=\/wp\/v2\/media\/2475"}],"wp:attachment":[{"href":"https:\/\/laestaciononline.com.ar\/index.php?rest_route=%2Fwp%2Fv2%2Fmedia&parent=2473"}],"wp:term":[{"taxonomy":"category","embeddable":true,"href":"https:\/\/laestaciononline.com.ar\/index.php?rest_route=%2Fwp%2Fv2%2Fcategories&post=2473"},{"taxonomy":"post_tag","embeddable":true,"href":"https:\/\/laestaciononline.com.ar\/index.php?rest_route=%2Fwp%2Fv2%2Ftags&post=2473"}],"curies":[{"name":"wp","href":"https:\/\/api.w.org\/{rel}","templated":true}]}}