{"id":2483,"date":"2025-09-05T16:17:03","date_gmt":"2025-09-05T16:17:03","guid":{"rendered":"https:\/\/laestaciononline.com.ar\/?p=2483"},"modified":"2025-09-05T16:17:53","modified_gmt":"2025-09-05T16:17:53","slug":"este-domingo-de-elecciones-habra-transporte-publico-en-brown","status":"publish","type":"post","link":"https:\/\/laestaciononline.com.ar\/?p=2483","title":{"rendered":"Este domingo de elecciones habr\u00e1 transporte publico en Brown"},"content":{"rendered":"\n<p><\/p>\n\n\n\n<p>El Municipio de Almirante Brown inform\u00f3 que este domingo 7 de septiembre, con motivo de las elecciones legislativas en la Provincia de Buenos Aires, habr\u00e1 transporte p\u00fablico gratuito en todas las l\u00edneas de colectivos locales (501, 505, 506, 521, 510, 514 y 515) y provinciales (263, 266, 271, 160, 318, 338, 384 y 406).<\/p>\n\n\n\n<p>La medida se enmarca en la decisi\u00f3n del Municipio de incorporar las l\u00edneas locales a este beneficio y en la disposici\u00f3n del Ministerio de Transporte bonaerense, que estipul\u00f3 la gratuidad del servicio p\u00fablico de transporte automotor y fluvial (la zona del Delta) con frecuencia de d\u00eda s\u00e1bado.<\/p>\n\n\n\n<p>Vale aclarar que esta iniciativa se aplicar\u00e1 tanto este domingo 7 de septiembre como tambi\u00e9n el domingo 26 de octubre, d\u00eda de las elecciones nacionales.<\/p>\n\n\n\n<p>En Almirante Brown las l\u00edneas locales de colectivos que integran este beneficio son la 501, 505, 506, 521, 510, 514 y 515, en tanto que las l\u00edneas provinciales son las inter jurisdiccionales 263, 266, 271, 160, 318, 338, 384 y 406.<\/p>\n\n\n\n<p>De esta manera, lo que se busca es garantizar una buena frecuencia y la posibilidad de acercarse a los lugares de votaci\u00f3n de manera r\u00e1pida y accesible.<\/p>\n\n\n\n<p>\u201cEl objetivo de esta medida es facilitar la participaci\u00f3n ciudadana y promover que todos los vecinos y vecinas puedan ejercer su derecho al voto&#8221; destac\u00f3 el intendente de Almirante Brown, Mariano Cascallares.<\/p>\n","protected":false},"excerpt":{"rendered":"<p>El Municipio de Almirante Brown inform\u00f3 que este domingo 7 de septiembre, con motivo de las elecciones legislativas en la Provincia de Buenos Aires, habr\u00e1 transporte p\u00fablico gratuito en todas las l\u00edneas de colectivos locales (501, 505, 506, 521, 510, 514 y 515) y provinciales (263, 266, 271, 160, 318, 338, 384 y 406). La [&hellip;]<\/p>\n","protected":false},"author":1,"featured_media":2485,"comment_status":"open","ping_status":"open","sticky":false,"template":"","format":"standard","meta":{"footnotes":""},"categories":[1],"tags":[],"class_list":["post-2483","post","type-post","status-publish","format-standard","has-post-thumbnail","hentry","category-politica"],"_links":{"self":[{"href":"https:\/\/laestaciononline.com.ar\/index.php?rest_route=\/wp\/v2\/posts\/2483","targetHints":{"allow":["GET"]}}],"collection":[{"href":"https:\/\/laestaciononline.com.ar\/index.php?rest_route=\/wp\/v2\/posts"}],"about":[{"href":"https:\/\/laestaciononline.com.ar\/index.php?rest_route=\/wp\/v2\/types\/post"}],"author":[{"embeddable":true,"href":"https:\/\/laestaciononline.com.ar\/index.php?rest_route=\/wp\/v2\/users\/1"}],"replies":[{"embeddable":true,"href":"https:\/\/laestaciononline.com.ar\/index.php?rest_route=%2Fwp%2Fv2%2Fcomments&post=2483"}],"version-history":[{"count":1,"href":"https:\/\/laestaciononline.com.ar\/index.php?rest_route=\/wp\/v2\/posts\/2483\/revisions"}],"predecessor-version":[{"id":2484,"href":"https:\/\/laestaciononline.com.ar\/index.php?rest_route=\/wp\/v2\/posts\/2483\/revisions\/2484"}],"wp:featuredmedia":[{"embeddable":true,"href":"https:\/\/laestaciononline.com.ar\/index.php?rest_route=\/wp\/v2\/media\/2485"}],"wp:attachment":[{"href":"https:\/\/laestaciononline.com.ar\/index.php?rest_route=%2Fwp%2Fv2%2Fmedia&parent=2483"}],"wp:term":[{"taxonomy":"category","embeddable":true,"href":"https:\/\/laestaciononline.com.ar\/index.php?rest_route=%2Fwp%2Fv2%2Fcategories&post=2483"},{"taxonomy":"post_tag","embeddable":true,"href":"https:\/\/laestaciononline.com.ar\/index.php?rest_route=%2Fwp%2Fv2%2Ftags&post=2483"}],"curies":[{"name":"wp","href":"https:\/\/api.w.org\/{rel}","templated":true}]}}