{"id":2496,"date":"2025-09-07T14:19:28","date_gmt":"2025-09-07T14:19:28","guid":{"rendered":"https:\/\/laestaciononline.com.ar\/?p=2496"},"modified":"2025-09-07T14:20:45","modified_gmt":"2025-09-07T14:20:45","slug":"carlos-bianco-el-resultado-esta-previsto-a-partir-de-las-nueve-de-la-noche","status":"publish","type":"post","link":"https:\/\/laestaciononline.com.ar\/?p=2496","title":{"rendered":"Carlos Bianco: &#8220;El resultado est\u00e1 previsto a partir de las nueve de la noche&#8221;"},"content":{"rendered":"\n<p>&#8220;Ahora est\u00e1n abriendo normalmente las escuelas&#8221;, explic\u00f3 Carlos Bianco antes de votar. El Ministro de Gobierno de la Provincia de Buenos Aires pidi\u00f3 que la gente se acerque a votar este domingo: &#8220;Esperamos que se exprese la mayor parte del pueblo bonaerense posible porque eso le da mayor legitimidad a los resultados&#8221;, sostuvo. El padr\u00f3n puede consultarse desde\u00a0este enlace.<\/p>\n\n\n\n<h2 class=\"wp-block-heading\">Elecciones en provincia de Buenos Aires EN VIVO: minuto a minuto, boca de urna y resultados<\/h2>\n\n\n\n<p>En el marco del\u00a0<strong>calendario electoral de este a\u00f1o<\/strong>, este domingo 7 de septiembre se llevan a cabo las\u00a0elecciones legislativas en la provincia<strong>\u00a0de Buenos Aires<\/strong>, para elegir unos 1.500 cargos provinciales y municipales.<\/p>\n\n\n\n<p><strong>En el \u00faltimo de los comicios desdoblados, los bonaerenses van a las urnas para elegir 46 diputados, 23 senadores, 1.097 concejales y 401 consejeros escolares, con un total de 14.376.592 personas, entre nativos y extranjeros<\/strong>, habilitados para emitir el voto.<\/p>\n","protected":false},"excerpt":{"rendered":"<p>&#8220;Ahora est\u00e1n abriendo normalmente las escuelas&#8221;, explic\u00f3 Carlos Bianco antes de votar. El Ministro de Gobierno de la Provincia de Buenos Aires pidi\u00f3 que la gente se acerque a votar este domingo: &#8220;Esperamos que se exprese la mayor parte del pueblo bonaerense posible porque eso le da mayor legitimidad a los resultados&#8221;, sostuvo. El padr\u00f3n [&hellip;]<\/p>\n","protected":false},"author":1,"featured_media":2498,"comment_status":"open","ping_status":"open","sticky":false,"template":"","format":"standard","meta":{"footnotes":""},"categories":[1],"tags":[],"class_list":["post-2496","post","type-post","status-publish","format-standard","has-post-thumbnail","hentry","category-politica"],"_links":{"self":[{"href":"https:\/\/laestaciononline.com.ar\/index.php?rest_route=\/wp\/v2\/posts\/2496","targetHints":{"allow":["GET"]}}],"collection":[{"href":"https:\/\/laestaciononline.com.ar\/index.php?rest_route=\/wp\/v2\/posts"}],"about":[{"href":"https:\/\/laestaciononline.com.ar\/index.php?rest_route=\/wp\/v2\/types\/post"}],"author":[{"embeddable":true,"href":"https:\/\/laestaciononline.com.ar\/index.php?rest_route=\/wp\/v2\/users\/1"}],"replies":[{"embeddable":true,"href":"https:\/\/laestaciononline.com.ar\/index.php?rest_route=%2Fwp%2Fv2%2Fcomments&post=2496"}],"version-history":[{"count":1,"href":"https:\/\/laestaciononline.com.ar\/index.php?rest_route=\/wp\/v2\/posts\/2496\/revisions"}],"predecessor-version":[{"id":2497,"href":"https:\/\/laestaciononline.com.ar\/index.php?rest_route=\/wp\/v2\/posts\/2496\/revisions\/2497"}],"wp:featuredmedia":[{"embeddable":true,"href":"https:\/\/laestaciononline.com.ar\/index.php?rest_route=\/wp\/v2\/media\/2498"}],"wp:attachment":[{"href":"https:\/\/laestaciononline.com.ar\/index.php?rest_route=%2Fwp%2Fv2%2Fmedia&parent=2496"}],"wp:term":[{"taxonomy":"category","embeddable":true,"href":"https:\/\/laestaciononline.com.ar\/index.php?rest_route=%2Fwp%2Fv2%2Fcategories&post=2496"},{"taxonomy":"post_tag","embeddable":true,"href":"https:\/\/laestaciononline.com.ar\/index.php?rest_route=%2Fwp%2Fv2%2Ftags&post=2496"}],"curies":[{"name":"wp","href":"https:\/\/api.w.org\/{rel}","templated":true}]}}