{"id":2503,"date":"2025-09-07T15:13:43","date_gmt":"2025-09-07T15:13:43","guid":{"rendered":"https:\/\/laestaciononline.com.ar\/?p=2503"},"modified":"2025-09-07T15:16:12","modified_gmt":"2025-09-07T15:16:12","slug":"axel-kicillof-voto-en-la-plata-hablo-de-una-eleccion-muy-importante-y-dijo-que-ganara-quien-tuvo-mas-votos","status":"publish","type":"post","link":"https:\/\/laestaciononline.com.ar\/?p=2503","title":{"rendered":"Axel Kicillof vot\u00f3 en La Plata, habl\u00f3 de una elecci\u00f3n \u201cmuy importante\u201d y dijo que ganar\u00e1 \u201cquien tuvo m\u00e1s votos\u201d"},"content":{"rendered":"\n<p>\u201cLa provincia no es la madre de todas las batallas,&nbsp;<strong>es la madre de la democracia<\/strong>\u201d, asegur\u00f3 el gobernador bonaerense&nbsp;<strong>Axel Kicillof<\/strong>&nbsp;en el Teatro Metro durante una conferencia de prensa organizada minutos despu\u00e9s de que el mandatario emitiera su voto en una escuela de&nbsp;<strong>La Plata<\/strong>. Se refer\u00eda a la importancia a nivel nacional que tiene, para \u00e9l, esta elecci\u00f3n legislativa en Buenos Aires.<\/p>\n\n\n\n<p>\u201cNos jugamos todos,\u00a0<strong>17 millones de bonaerenses se juegan hoy c\u00f3mo sigue la historia<\/strong>. En las urnas se expresa una vocaci\u00f3n, un futuro que se desea, y\u00a0<strong>el gobierno nacional tiene que estar atento a escuchar a las urnas<\/strong>; nosotros que somos gobierno ac\u00e1 tambi\u00e9n\u201d, remarc\u00f3 tras emitir su voto pasadas las 10.30 en la Escuela Superior de Sanidad \u201cFloreal Ferrera\u201d de la capital provincial.<\/p>\n","protected":false},"excerpt":{"rendered":"<p>\u201cLa provincia no es la madre de todas las batallas,&nbsp;es la madre de la democracia\u201d, asegur\u00f3 el gobernador bonaerense&nbsp;Axel Kicillof&nbsp;en el Teatro Metro durante una conferencia de prensa organizada minutos despu\u00e9s de que el mandatario emitiera su voto en una escuela de&nbsp;La Plata. Se refer\u00eda a la importancia a nivel nacional que tiene, para \u00e9l, [&hellip;]<\/p>\n","protected":false},"author":1,"featured_media":2505,"comment_status":"open","ping_status":"open","sticky":false,"template":"","format":"standard","meta":{"footnotes":""},"categories":[1],"tags":[],"class_list":["post-2503","post","type-post","status-publish","format-standard","has-post-thumbnail","hentry","category-politica"],"_links":{"self":[{"href":"https:\/\/laestaciononline.com.ar\/index.php?rest_route=\/wp\/v2\/posts\/2503","targetHints":{"allow":["GET"]}}],"collection":[{"href":"https:\/\/laestaciononline.com.ar\/index.php?rest_route=\/wp\/v2\/posts"}],"about":[{"href":"https:\/\/laestaciononline.com.ar\/index.php?rest_route=\/wp\/v2\/types\/post"}],"author":[{"embeddable":true,"href":"https:\/\/laestaciononline.com.ar\/index.php?rest_route=\/wp\/v2\/users\/1"}],"replies":[{"embeddable":true,"href":"https:\/\/laestaciononline.com.ar\/index.php?rest_route=%2Fwp%2Fv2%2Fcomments&post=2503"}],"version-history":[{"count":2,"href":"https:\/\/laestaciononline.com.ar\/index.php?rest_route=\/wp\/v2\/posts\/2503\/revisions"}],"predecessor-version":[{"id":2506,"href":"https:\/\/laestaciononline.com.ar\/index.php?rest_route=\/wp\/v2\/posts\/2503\/revisions\/2506"}],"wp:featuredmedia":[{"embeddable":true,"href":"https:\/\/laestaciononline.com.ar\/index.php?rest_route=\/wp\/v2\/media\/2505"}],"wp:attachment":[{"href":"https:\/\/laestaciononline.com.ar\/index.php?rest_route=%2Fwp%2Fv2%2Fmedia&parent=2503"}],"wp:term":[{"taxonomy":"category","embeddable":true,"href":"https:\/\/laestaciononline.com.ar\/index.php?rest_route=%2Fwp%2Fv2%2Fcategories&post=2503"},{"taxonomy":"post_tag","embeddable":true,"href":"https:\/\/laestaciononline.com.ar\/index.php?rest_route=%2Fwp%2Fv2%2Ftags&post=2503"}],"curies":[{"name":"wp","href":"https:\/\/api.w.org\/{rel}","templated":true}]}}