{"id":2507,"date":"2025-09-07T17:44:44","date_gmt":"2025-09-07T17:44:44","guid":{"rendered":"https:\/\/laestaciononline.com.ar\/?p=2507"},"modified":"2025-09-07T17:46:33","modified_gmt":"2025-09-07T17:46:33","slug":"cascallares-voto-y-destaco-la-normalidad-de-la-jornada-electoral-en-almirante-brown","status":"publish","type":"post","link":"https:\/\/laestaciononline.com.ar\/?p=2507","title":{"rendered":"Cascallares vot\u00f3 y destac\u00f3 la normalidad de la jornada electoral en Almirante Brown"},"content":{"rendered":"\n<h2 class=\"wp-block-heading\"><\/h2>\n\n\n\n<p>El intendente de Almirante Brown, Mariano Cascallares, emiti\u00f3 su voto esta tarde en la Escuela Secundaria N\u00b0 6 de la localidad de Malvinas Argentinas, en el marco de las elecciones legislativas de este domingo 7 de septiembre.<\/p>\n\n\n\n<p>\u201cCelebro que en esta jornada tan especial el Pueblo bonaerense se est\u00e9 expresando en las urnas ejerciendo con tranquilidad el derecho a elegir\u201d, expres\u00f3 el jefe comunal tras sufragar.<\/p>\n\n\n\n<p>Adem\u00e1s, a trav\u00e9s de sus redes sociales resalt\u00f3 la organizaci\u00f3n del proceso electoral en su distrito. \u201cEn Almirante Brown todas las escuelas donde se vota abrieron en tiempo y forma. Nuestros vecinos concurren con normalidad a emitir su voto\u201d, asegur\u00f3.<\/p>\n\n\n\n<p>En paralelo, el gobernador Axel Kicillof vot\u00f3 en La Plata y tambi\u00e9n remarc\u00f3 la importancia de la jornada democr\u00e1tica: \u201cNos jugamos todos: 17 millones de bonaerenses se juegan hoy c\u00f3mo sigue esta historia\u201d, se\u00f1al\u00f3. Asimismo, confi\u00f3 en que \u201cganar\u00e1 quien tuvo m\u00e1s votos\u201d, destacando que el sufragio \u201ces el acto sagrado de la democracia\u201d.<\/p>\n\n\n\n<p>De esta manera, tanto desde el gobierno provincial como desde los municipios se subray\u00f3 el clima de normalidad, participaci\u00f3n y compromiso ciudadano que marc\u00f3 el desarrollo de la elecci\u00f3n bonaerense.<\/p>\n","protected":false},"excerpt":{"rendered":"<p>El intendente de Almirante Brown, Mariano Cascallares, emiti\u00f3 su voto esta tarde en la Escuela Secundaria N\u00b0 6 de la localidad de Malvinas Argentinas, en el marco de las elecciones legislativas de este domingo 7 de septiembre. \u201cCelebro que en esta jornada tan especial el Pueblo bonaerense se est\u00e9 expresando en las urnas ejerciendo con [&hellip;]<\/p>\n","protected":false},"author":1,"featured_media":2509,"comment_status":"open","ping_status":"open","sticky":false,"template":"","format":"standard","meta":{"footnotes":""},"categories":[1],"tags":[],"class_list":["post-2507","post","type-post","status-publish","format-standard","has-post-thumbnail","hentry","category-politica"],"_links":{"self":[{"href":"https:\/\/laestaciononline.com.ar\/index.php?rest_route=\/wp\/v2\/posts\/2507","targetHints":{"allow":["GET"]}}],"collection":[{"href":"https:\/\/laestaciononline.com.ar\/index.php?rest_route=\/wp\/v2\/posts"}],"about":[{"href":"https:\/\/laestaciononline.com.ar\/index.php?rest_route=\/wp\/v2\/types\/post"}],"author":[{"embeddable":true,"href":"https:\/\/laestaciononline.com.ar\/index.php?rest_route=\/wp\/v2\/users\/1"}],"replies":[{"embeddable":true,"href":"https:\/\/laestaciononline.com.ar\/index.php?rest_route=%2Fwp%2Fv2%2Fcomments&post=2507"}],"version-history":[{"count":1,"href":"https:\/\/laestaciononline.com.ar\/index.php?rest_route=\/wp\/v2\/posts\/2507\/revisions"}],"predecessor-version":[{"id":2508,"href":"https:\/\/laestaciononline.com.ar\/index.php?rest_route=\/wp\/v2\/posts\/2507\/revisions\/2508"}],"wp:featuredmedia":[{"embeddable":true,"href":"https:\/\/laestaciononline.com.ar\/index.php?rest_route=\/wp\/v2\/media\/2509"}],"wp:attachment":[{"href":"https:\/\/laestaciononline.com.ar\/index.php?rest_route=%2Fwp%2Fv2%2Fmedia&parent=2507"}],"wp:term":[{"taxonomy":"category","embeddable":true,"href":"https:\/\/laestaciononline.com.ar\/index.php?rest_route=%2Fwp%2Fv2%2Fcategories&post=2507"},{"taxonomy":"post_tag","embeddable":true,"href":"https:\/\/laestaciononline.com.ar\/index.php?rest_route=%2Fwp%2Fv2%2Ftags&post=2507"}],"curies":[{"name":"wp","href":"https:\/\/api.w.org\/{rel}","templated":true}]}}