{"id":2511,"date":"2025-09-07T17:57:40","date_gmt":"2025-09-07T17:57:40","guid":{"rendered":"https:\/\/laestaciononline.com.ar\/?p=2511"},"modified":"2025-09-07T17:57:40","modified_gmt":"2025-09-07T17:57:40","slug":"sergio-massa-quiero-pedirle-a-la-gente-que-vaya-a-votar","status":"publish","type":"post","link":"https:\/\/laestaciononline.com.ar\/?p=2511","title":{"rendered":"Sergio Massa: &#8220;Quiero pedirle a la gente que vaya a votar&#8221;"},"content":{"rendered":"\n<p>Tras emitir su voto en el marco de las elecciones de la provincia de Buenos Aires, el excandidato a presidente y dirigente de&nbsp;<strong>Fuerza Patria<\/strong>,&nbsp;<strong>Sergio Massa<\/strong>, habl\u00f3 con la prensa y se mostr\u00f3 confiado respecto del desarrollo de la jornada.<\/p>\n\n\n\n<p>El titular del Frente Renovador asisti\u00f3 pasado el mediod\u00eda a la Escuela Primaria N\u00b019 de Rinc\u00f3n de Milberg, Tigre, acompa\u00f1ado por su esposa Malena Galmarini. Al ser consultado sobre el inicio de los comicios, respondi\u00f3 con el optimismo que lo caracteriza: &#8220;Despu\u00e9s de mucho tiempo, estamos ante una elecci\u00f3n provincial y eso era todo un desaf\u00edo&#8221;.<strong><\/strong><\/p>\n","protected":false},"excerpt":{"rendered":"<p>Tras emitir su voto en el marco de las elecciones de la provincia de Buenos Aires, el excandidato a presidente y dirigente de&nbsp;Fuerza Patria,&nbsp;Sergio Massa, habl\u00f3 con la prensa y se mostr\u00f3 confiado respecto del desarrollo de la jornada. El titular del Frente Renovador asisti\u00f3 pasado el mediod\u00eda a la Escuela Primaria N\u00b019 de Rinc\u00f3n [&hellip;]<\/p>\n","protected":false},"author":1,"featured_media":2512,"comment_status":"open","ping_status":"open","sticky":false,"template":"","format":"standard","meta":{"footnotes":""},"categories":[1],"tags":[],"class_list":["post-2511","post","type-post","status-publish","format-standard","has-post-thumbnail","hentry","category-politica"],"_links":{"self":[{"href":"https:\/\/laestaciononline.com.ar\/index.php?rest_route=\/wp\/v2\/posts\/2511","targetHints":{"allow":["GET"]}}],"collection":[{"href":"https:\/\/laestaciononline.com.ar\/index.php?rest_route=\/wp\/v2\/posts"}],"about":[{"href":"https:\/\/laestaciononline.com.ar\/index.php?rest_route=\/wp\/v2\/types\/post"}],"author":[{"embeddable":true,"href":"https:\/\/laestaciononline.com.ar\/index.php?rest_route=\/wp\/v2\/users\/1"}],"replies":[{"embeddable":true,"href":"https:\/\/laestaciononline.com.ar\/index.php?rest_route=%2Fwp%2Fv2%2Fcomments&post=2511"}],"version-history":[{"count":1,"href":"https:\/\/laestaciononline.com.ar\/index.php?rest_route=\/wp\/v2\/posts\/2511\/revisions"}],"predecessor-version":[{"id":2513,"href":"https:\/\/laestaciononline.com.ar\/index.php?rest_route=\/wp\/v2\/posts\/2511\/revisions\/2513"}],"wp:featuredmedia":[{"embeddable":true,"href":"https:\/\/laestaciononline.com.ar\/index.php?rest_route=\/wp\/v2\/media\/2512"}],"wp:attachment":[{"href":"https:\/\/laestaciononline.com.ar\/index.php?rest_route=%2Fwp%2Fv2%2Fmedia&parent=2511"}],"wp:term":[{"taxonomy":"category","embeddable":true,"href":"https:\/\/laestaciononline.com.ar\/index.php?rest_route=%2Fwp%2Fv2%2Fcategories&post=2511"},{"taxonomy":"post_tag","embeddable":true,"href":"https:\/\/laestaciononline.com.ar\/index.php?rest_route=%2Fwp%2Fv2%2Ftags&post=2511"}],"curies":[{"name":"wp","href":"https:\/\/api.w.org\/{rel}","templated":true}]}}