{"id":2515,"date":"2025-09-07T23:11:37","date_gmt":"2025-09-07T23:11:37","guid":{"rendered":"https:\/\/laestaciononline.com.ar\/?p=2515"},"modified":"2025-09-07T23:11:37","modified_gmt":"2025-09-07T23:11:37","slug":"kicillof-espera-los-resultados-en-la-plata-con-entusiasmo-y-confianza","status":"publish","type":"post","link":"https:\/\/laestaciononline.com.ar\/?p=2515","title":{"rendered":"Kicillof espera los resultados en La Plata con entusiasmo y confianza"},"content":{"rendered":"\n<h3 class=\"wp-block-heading\"><\/h3>\n\n\n\n<p>Axel Kicillof eligi\u00f3 pasar este domingo en su b\u00fanker de La Plata, rodeado de colaboradores y dirigentes, siguiendo minuto a minuto una elecci\u00f3n que puede marcar su futuro pol\u00edtico. El gobernador bonaerense lleg\u00f3 con expectativas altas y un clima muy distinto al que ten\u00eda su espacio hace apenas un par de meses.<\/p>\n\n\n\n<p>En su entorno reconocen que, semanas atr\u00e1s, pensaban en una derrota amplia de entre 15 y 20 puntos. Hoy, en cambio, hablan de empate t\u00e9cnico y hasta se animan a so\u00f1ar con una ventaja. \u201cSi perd\u00edamos por poco ya era bueno; ahora todo puede pasar\u201d, repiten cerca suyo.<\/p>\n\n\n\n<p>El lugar elegido fue el hotel Grand Brizo, en pleno centro platense, donde se mont\u00f3 un espacio para reunir a ministros, legisladores y referentes de distintos sectores. Entre las presencias esperadas est\u00e1n la vicegobernadora Ver\u00f3nica Magario \u2014que tambi\u00e9n juega como candidata a diputada\u2014, integrantes del Frente Renovador junto a Sergio Massa, y representantes de La C\u00e1mpora.<\/p>\n\n\n\n<p>Mientras tanto, M\u00e1ximo Kirchner y Cristina Fern\u00e1ndez aguardan los resultados desde la Ciudad de Buenos Aires, aunque se espera que haya tambi\u00e9n actividad militante en su entorno.<\/p>\n\n\n\n<p>El cronograma marca que durante la tarde y la noche hablar\u00e1n distintos funcionarios provinciales, y el propio Kicillof tiene previsto salir a hablar pasadas las 22, en un escenario montado sobre la calle.<\/p>\n\n\n\n<p>En el oficialismo conf\u00edan en ganar en las secciones m\u00e1s pobladas, como la Primera y la Tercera, y aseguran que hasta podr\u00edan dar pelea en algunos bastiones opositores. Seg\u00fan sus c\u00e1lculos, podr\u00edan imponerse en la provincia por entre 7 y 9 puntos, aunque todos saben que la verdadera palabra la tendr\u00e1n las urnas.<\/p>\n\n\n\n<hr class=\"wp-block-separator has-alpha-channel-opacity\"\/>\n\n\n\n<p><\/p>\n","protected":false},"excerpt":{"rendered":"<p>Axel Kicillof eligi\u00f3 pasar este domingo en su b\u00fanker de La Plata, rodeado de colaboradores y dirigentes, siguiendo minuto a minuto una elecci\u00f3n que puede marcar su futuro pol\u00edtico. El gobernador bonaerense lleg\u00f3 con expectativas altas y un clima muy distinto al que ten\u00eda su espacio hace apenas un par de meses. En su entorno [&hellip;]<\/p>\n","protected":false},"author":1,"featured_media":0,"comment_status":"open","ping_status":"open","sticky":false,"template":"","format":"standard","meta":{"footnotes":""},"categories":[1],"tags":[],"class_list":["post-2515","post","type-post","status-publish","format-standard","hentry","category-politica"],"_links":{"self":[{"href":"https:\/\/laestaciononline.com.ar\/index.php?rest_route=\/wp\/v2\/posts\/2515","targetHints":{"allow":["GET"]}}],"collection":[{"href":"https:\/\/laestaciononline.com.ar\/index.php?rest_route=\/wp\/v2\/posts"}],"about":[{"href":"https:\/\/laestaciononline.com.ar\/index.php?rest_route=\/wp\/v2\/types\/post"}],"author":[{"embeddable":true,"href":"https:\/\/laestaciononline.com.ar\/index.php?rest_route=\/wp\/v2\/users\/1"}],"replies":[{"embeddable":true,"href":"https:\/\/laestaciononline.com.ar\/index.php?rest_route=%2Fwp%2Fv2%2Fcomments&post=2515"}],"version-history":[{"count":1,"href":"https:\/\/laestaciononline.com.ar\/index.php?rest_route=\/wp\/v2\/posts\/2515\/revisions"}],"predecessor-version":[{"id":2516,"href":"https:\/\/laestaciononline.com.ar\/index.php?rest_route=\/wp\/v2\/posts\/2515\/revisions\/2516"}],"wp:attachment":[{"href":"https:\/\/laestaciononline.com.ar\/index.php?rest_route=%2Fwp%2Fv2%2Fmedia&parent=2515"}],"wp:term":[{"taxonomy":"category","embeddable":true,"href":"https:\/\/laestaciononline.com.ar\/index.php?rest_route=%2Fwp%2Fv2%2Fcategories&post=2515"},{"taxonomy":"post_tag","embeddable":true,"href":"https:\/\/laestaciononline.com.ar\/index.php?rest_route=%2Fwp%2Fv2%2Ftags&post=2515"}],"curies":[{"name":"wp","href":"https:\/\/api.w.org\/{rel}","templated":true}]}}