{"id":2517,"date":"2025-09-08T00:21:14","date_gmt":"2025-09-08T00:21:14","guid":{"rendered":"https:\/\/laestaciononline.com.ar\/?p=2517"},"modified":"2025-09-08T03:18:33","modified_gmt":"2025-09-08T03:18:33","slug":"cascallares-agradecio-a-los-y-convoco-a-seguir-trabajando-por-almirante-brown","status":"publish","type":"post","link":"https:\/\/laestaciononline.com.ar\/?p=2517","title":{"rendered":"Cascallares agradeci\u00f3 a los y convoc\u00f3 a &#8220;Seguir trabajando por Almirante Brown&#8221;"},"content":{"rendered":"\n<p>El intendente de Almirante Brown, Mariano Cascallares, junto a la primera candidata a concejal Paula Eichel, agradecieron esta noche a los vecinos y a la militancia del peronisto browniano por el hist\u00f3rico triunfo en las elecciones legislativas de este domingo 7 de septiembre.<\/p>\n\n\n\n<p>&#8220;Estamos muy contentos con los resultados en Almirante Brown con una diferencia contundente a favor de Fuerza Patria, que nos va a permitir seguir teniendo una mayor\u00eda de m\u00e1s de dos tercios en el Concejo Deliberante y lo propio en el Consejo Escolar&#8221;, indic\u00f3 Cascallares, para agregar que &#8220;con Paula tenemos una alegr\u00eda enorme y le enviamos un agradecimiento especial a los vecinos y vecinas que nos acompa\u00f1aron, un agradecimiento a los militantes que han recorrido los barrios acercando nuestra propuesta, y tambi\u00e9n a los fiscales de mesa y a todos los que hicieron de esta jornada un D\u00eda de la Democracia&#8221;.&nbsp;<\/p>\n\n\n\n<p>Agreg\u00f3 que &#8220;en Almirante Brown tuvimos m\u00e1s del 65 por ciento de participaci\u00f3n ciudadana. Durante las recorridas por cada barrio de todas las localidades, sent\u00edamos con Paula que hab\u00eda un acompa\u00f1amiento importante de los vecinos, y con los datos que van llegando de forma digital a nuestro Centro de Computos vemos reflejan en el escrutinio ese acompa\u00f1amiento&#8221;.<\/p>\n\n\n\n<p>En ese sentido Mariano Cascallares se mostr\u00f3 orgulloso &#8220;por el aporte que hicimos al Peronismo de la Provincia de Buenos Aires y tambi\u00e9n por el acompa\u00f1amiento que logramos de cara a los dos pr\u00f3ximos a\u00f1os de gesti\u00f3n del gobernador Axel Kicillof&#8221;.<\/p>\n\n\n\n<p>Finalmente destac\u00f3 la importancia de la victoria Provincial de Fuerza Patria, y augur\u00f3 que &#8220;la Provincia de Buenos Aires es un faro para las otras provincias argentinas&#8221;.<\/p>\n","protected":false},"excerpt":{"rendered":"<p>El intendente de Almirante Brown, Mariano Cascallares, junto a la primera candidata a concejal Paula Eichel, agradecieron esta noche a los vecinos y a la militancia del peronisto browniano por el hist\u00f3rico triunfo en las elecciones legislativas de este domingo 7 de septiembre. &#8220;Estamos muy contentos con los resultados en Almirante Brown con una diferencia [&hellip;]<\/p>\n","protected":false},"author":1,"featured_media":2526,"comment_status":"open","ping_status":"open","sticky":false,"template":"","format":"standard","meta":{"footnotes":""},"categories":[1],"tags":[],"class_list":["post-2517","post","type-post","status-publish","format-standard","has-post-thumbnail","hentry","category-politica"],"_links":{"self":[{"href":"https:\/\/laestaciononline.com.ar\/index.php?rest_route=\/wp\/v2\/posts\/2517","targetHints":{"allow":["GET"]}}],"collection":[{"href":"https:\/\/laestaciononline.com.ar\/index.php?rest_route=\/wp\/v2\/posts"}],"about":[{"href":"https:\/\/laestaciononline.com.ar\/index.php?rest_route=\/wp\/v2\/types\/post"}],"author":[{"embeddable":true,"href":"https:\/\/laestaciononline.com.ar\/index.php?rest_route=\/wp\/v2\/users\/1"}],"replies":[{"embeddable":true,"href":"https:\/\/laestaciononline.com.ar\/index.php?rest_route=%2Fwp%2Fv2%2Fcomments&post=2517"}],"version-history":[{"count":1,"href":"https:\/\/laestaciononline.com.ar\/index.php?rest_route=\/wp\/v2\/posts\/2517\/revisions"}],"predecessor-version":[{"id":2518,"href":"https:\/\/laestaciononline.com.ar\/index.php?rest_route=\/wp\/v2\/posts\/2517\/revisions\/2518"}],"wp:featuredmedia":[{"embeddable":true,"href":"https:\/\/laestaciononline.com.ar\/index.php?rest_route=\/wp\/v2\/media\/2526"}],"wp:attachment":[{"href":"https:\/\/laestaciononline.com.ar\/index.php?rest_route=%2Fwp%2Fv2%2Fmedia&parent=2517"}],"wp:term":[{"taxonomy":"category","embeddable":true,"href":"https:\/\/laestaciononline.com.ar\/index.php?rest_route=%2Fwp%2Fv2%2Fcategories&post=2517"},{"taxonomy":"post_tag","embeddable":true,"href":"https:\/\/laestaciononline.com.ar\/index.php?rest_route=%2Fwp%2Fv2%2Ftags&post=2517"}],"curies":[{"name":"wp","href":"https:\/\/api.w.org\/{rel}","templated":true}]}}