{"id":2522,"date":"2025-09-08T03:13:39","date_gmt":"2025-09-08T03:13:39","guid":{"rendered":"https:\/\/laestaciononline.com.ar\/?p=2522"},"modified":"2025-09-08T03:16:31","modified_gmt":"2025-09-08T03:16:31","slug":"2522","status":"publish","type":"post","link":"https:\/\/laestaciononline.com.ar\/?p=2522","title":{"rendered":"Despu\u00e9s de la victoria, Kicillof advirti\u00f3 que Milei \u201ctendr\u00e1 que corregir el rumbo\u201d y pidi\u00f3 ser convocado"},"content":{"rendered":"\n<p>El gobernador bonaerense\u00a0<strong>Axel Kicillof\u00a0<\/strong>subi\u00f3 al escenario junto a todos los miembros de su Gabinete y a los candidatos de Fuerza Patria pasadas las 22.30, minutos despu\u00e9s del discurso en el que\u00a0<strong>Javier Milei\u00a0<\/strong>reconoci\u00f3 la derrota electoral. La militancia lo recibi\u00f3 con c\u00e1nticos dirigidos directamente a la interna con La C\u00e1mpora: \u201c<strong>Borom Bom Bom, es para Axel la conducci\u00f3n<\/strong>\u201d.<\/p>\n\n\n\n<p>No obstante, el primer tramo del acto tuvo como protagonista central a\u00a0<strong>Cristina Kirchner<\/strong>, que\u00a0<strong>envi\u00f3 un audio<\/strong>\u00a0para la militancia desde su departamento de San Jos\u00e9 1111, donde cumple prisi\u00f3n domiciliaria.<\/p>\n\n\n\n<p>\u201cQuiero enviar un saludo al pueblo de mi querida provincia de Buenos Aires. Decidieron ponerle un l\u00edmite a un presidente que no parece comprender que tiene que gobernar para todos.\u00a0<strong>El Presidente tiene la responsabilidad de escuchar al pueblo de la provincia<\/strong>, ruego a Dios que le de la serenidad y la sabidur\u00eda para hacerlo\u201d, plante\u00f3 la ex presidenta.<\/p>\n\n\n\n<p>Luego salud\u00f3 y felicit\u00f3 a los candidatos, a los intendentes, al gobernador Kicillof, a Sergio Massa, a Juan Grabois y a M\u00e1ximo Kirchner. \u201c<strong>Es un triunfo que nos llena de orgullo pero tambi\u00e9n de una enorme responsabilidad<\/strong>\u201d, concluy\u00f3.<\/p>\n\n\n\n<p>El gobernador Kicillof empez\u00f3 su discurso con un agradecimiento a los militantes \u201cque vencieron la resignaci\u00f3n y salieron a las calles a pelear esta elecci\u00f3n\u201d. Pero fue interrumpido nuevamente por un c\u00e1ntico de los militantes peronistas: \u201c<strong>Se siente, se siente, Axel Presidente<\/strong>\u201d.<\/p>\n\n\n\n<p><a href=\"https:\/\/www.infobae.com\/politica\/2025\/09\/08\/los-gobernadores-felicitaron-a-kicillof-y-dijeron-que-la-eleccion-bonaerense-es-un-llamado-de-atencion-para-milei\/\" target=\"_blank\" rel=\"noreferrer noopener\"><\/a><\/p>\n\n\n\n<p><\/p>\n\n\n\n<p>\u201cLa unidad de la boleta de Fuerza Patria termin\u00f3 con una victoria aplastante.\u00a0<strong>Gracias Sergio, gracias Cristina, injustamente condenada<\/strong>, quien tendr\u00eda que estar en este escenario\u201d, vocifer\u00f3 KicillofKicillof junto a candidatos y funcionarios del gabinete bonaerense<\/p>\n\n\n\n<p>El gobernador plante\u00f3 que el resultado representa un mensaje claro al presidente Javier Milei: \u201c<strong>Las urnas le dijeron a Milei que no se puede frenar la obra p\u00fablica, le explicaron que no se le puede pegar a los jubilados, que no se puede abandonar a las personas con discapacidad<\/strong>. Las urnas gritaron que no se puede desfinanciar la educaci\u00f3n ni la salud ni la ciencia ni la cultura. Las urnas le dijeron que tiene que dejar de insultar a la democracia, al federalismo y a la Constituci\u00f3n\u201d.<\/p>\n\n\n\n<p>Tambi\u00e9n hizo una autocr\u00edtica y se\u00f1al\u00f3 que&nbsp;<strong>lo peor que puede hacer el peronismo es \u201ctomar el triunfo con soberbia<\/strong>\u201d. \u201cEso querr\u00eda decir que no entendimos nada. Porque venimos de una gran decepci\u00f3n de nuestro propio gobierno\u201d, dijo en referencia a la gesti\u00f3n de Alberto Fern\u00e1ndez.<\/p>\n\n\n\n<p>Por otro lado, le reclam\u00f3 \u201cpor en\u00e9sima vez\u201d una reuni\u00f3n al Presidente para poder coordinar pol\u00edticas p\u00fablicas con la Naci\u00f3n. \u201c<strong>Espero ma\u00f1ana el llamado, ten\u00e9 el coraje y la valent\u00eda para trabajar<\/strong>\u201d, arremeti\u00f3.<\/p>\n","protected":false},"excerpt":{"rendered":"<p>El gobernador bonaerense\u00a0Axel Kicillof\u00a0subi\u00f3 al escenario junto a todos los miembros de su Gabinete y a los candidatos de Fuerza Patria pasadas las 22.30, minutos despu\u00e9s del discurso en el que\u00a0Javier Milei\u00a0reconoci\u00f3 la derrota electoral. La militancia lo recibi\u00f3 con c\u00e1nticos dirigidos directamente a la interna con La C\u00e1mpora: \u201cBorom Bom Bom, es para Axel [&hellip;]<\/p>\n","protected":false},"author":1,"featured_media":2525,"comment_status":"open","ping_status":"open","sticky":false,"template":"","format":"standard","meta":{"footnotes":""},"categories":[1],"tags":[],"class_list":["post-2522","post","type-post","status-publish","format-standard","has-post-thumbnail","hentry","category-politica"],"_links":{"self":[{"href":"https:\/\/laestaciononline.com.ar\/index.php?rest_route=\/wp\/v2\/posts\/2522","targetHints":{"allow":["GET"]}}],"collection":[{"href":"https:\/\/laestaciononline.com.ar\/index.php?rest_route=\/wp\/v2\/posts"}],"about":[{"href":"https:\/\/laestaciononline.com.ar\/index.php?rest_route=\/wp\/v2\/types\/post"}],"author":[{"embeddable":true,"href":"https:\/\/laestaciononline.com.ar\/index.php?rest_route=\/wp\/v2\/users\/1"}],"replies":[{"embeddable":true,"href":"https:\/\/laestaciononline.com.ar\/index.php?rest_route=%2Fwp%2Fv2%2Fcomments&post=2522"}],"version-history":[{"count":2,"href":"https:\/\/laestaciononline.com.ar\/index.php?rest_route=\/wp\/v2\/posts\/2522\/revisions"}],"predecessor-version":[{"id":2524,"href":"https:\/\/laestaciononline.com.ar\/index.php?rest_route=\/wp\/v2\/posts\/2522\/revisions\/2524"}],"wp:featuredmedia":[{"embeddable":true,"href":"https:\/\/laestaciononline.com.ar\/index.php?rest_route=\/wp\/v2\/media\/2525"}],"wp:attachment":[{"href":"https:\/\/laestaciononline.com.ar\/index.php?rest_route=%2Fwp%2Fv2%2Fmedia&parent=2522"}],"wp:term":[{"taxonomy":"category","embeddable":true,"href":"https:\/\/laestaciononline.com.ar\/index.php?rest_route=%2Fwp%2Fv2%2Fcategories&post=2522"},{"taxonomy":"post_tag","embeddable":true,"href":"https:\/\/laestaciononline.com.ar\/index.php?rest_route=%2Fwp%2Fv2%2Ftags&post=2522"}],"curies":[{"name":"wp","href":"https:\/\/api.w.org\/{rel}","templated":true}]}}