{"id":2530,"date":"2025-09-08T14:33:59","date_gmt":"2025-09-08T14:33:59","guid":{"rendered":"https:\/\/laestaciononline.com.ar\/?p=2530"},"modified":"2025-09-08T14:35:01","modified_gmt":"2025-09-08T14:35:01","slug":"2530","status":"publish","type":"post","link":"https:\/\/laestaciononline.com.ar\/?p=2530","title":{"rendered":"Los principales medios del mundo expusieron la contundente derrota de Javier Milei en Buenos Aires\u201d"},"content":{"rendered":"\n<p>En la previa,\u00a0<strong>La Libertad Avanza<\/strong>, aliada al PRO, esperaba unas elecciones mucho m\u00e1s ajustadas en la\u00a0<strong>provincia de Buenos Aires<\/strong>. Sin embargo, el Gobierno nacional\u00a0<strong>perdi\u00f3 en seis de las ocho secciones electorales bonaerenses<\/strong>, entre ellas, las dos m\u00e1s importantes en t\u00e9rminos de volumen de electorado: la Primera y la Tercera. De esta manera,\u00a0<strong>Fuerza Patria<\/strong>\u00a0le sac\u00f3 una diferencia de m\u00e1s de 13 puntos y volvi\u00f3 a pintar el mapa provincial de celeste. Ante este duro rev\u00e9s, que super\u00f3 los pron\u00f3sticos,\u00a0<strong>los principales medios del mundo hicieron eco de los resultados en los comicios<\/strong>.<\/p>\n\n\n\n<p><strong>\u201cEl peronismo arrasa en Buenos Aires\u201d<\/strong><em>,\u00a0<\/em>comienza diciendo t\u00edtulo\u00a0<em>El Pa\u00eds<\/em>de Espa\u00f1a. En ese sentido, continuaron:\u00a0<strong>\u201cEl partido de Cristina Kirchner supera por m\u00e1s de 13 puntos a los candidatos ultraderechistas en la elecci\u00f3n para legisladores provinciales\u201d<\/strong>. Por esto mismo, plantearon:\u00a0<strong>\u201cEs mala idea en Argentina dar por muerto al peronismo antes de tiempo\u201d<\/strong>.<\/p>\n\n\n\n<p>Durante el texto tambi\u00e9n se hace referencia a que no bast\u00f3 el acuerdo entre La Libertad Avanza y el PRO, el partido del expresidente Mauricio Macri. Sobre esto, dijeron que el partido amarillo qued\u00f3 \u201creducido ahora a una fuerza minoritaria dentro del armado nacional del partido oficial\u201d.<\/p>\n\n\n\n<p>Por otro lado,\u00a0<em>El Mundo<\/em>\u00a0titul\u00f3 como\u00a0<strong>\u201ccontundente victoria del peronismo sobre los candidatos de Milei en Buenos Aires\u201d<\/strong>. A su vez, hablaron de \u201cun duro golpe para el Presidente, al frente de un Gobierno que se sume en la incertidumbre\u201d, de cara a los comicios de octubre.<\/p>\n\n\n\n<p>Por otro lado,<em>&nbsp;El Pa\u00eds<\/em>, de Uruguay, resalt\u00f3: \u201cContundente derrota del Gobierno argentino frente al peronismo\u201d y afirmaron que la diferencia fue&nbsp;<strong>\u201cm\u00e1s dura de lo esperado\u201d<\/strong>&nbsp;para el oficialismo nacional.<img loading=\"lazy\" decoding=\"async\" alt=\"El Pa\u00eds, de Uruguay, resalt\u00f3:\" height=\"533\" src=\"https:\/\/www.infobae.com\/resizer\/v2\/2X3CJ5OHQVDRPBYVNQLOSISG2M.jpg?auth=28fcfe81221ae927b58eb100c7bcdc58a8ecc81c30b1b5b56a495551af3864fd&amp;smart=true&amp;width=350&amp;height=267&amp;quality=85\" width=\"700\">El Pa\u00eds, de Uruguay, resalt\u00f3: \u201cContundente derrota del Gobierno argentino frente al peronismo\u201d<\/p>\n\n\n\n<p>Mientras tanto,&nbsp;<em>ABC, de Paraguay,<\/em>&nbsp;public\u00f3:&nbsp;<strong>\u201cEl peronismo aplasta al partido de Milei en el mayor distrito electoral del pa\u00eds, clave para las elecciones nacionales de octubre\u201d<\/strong>.<\/p>\n\n\n\n<p>Por otro lado, en Brasil,&nbsp;<em>O Globo<\/em>&nbsp;hizo foco en el discurso del presidente: \u201cMilei admite la clara derrota en Buenos Aires, pero promete acelerar reformas\u201d. Y agregaron que el voto actu\u00f3 como&nbsp;<strong>\u201cterm\u00f3metro de las legislativas nacionales<\/strong>\u201c, que se realizar\u00e1n el pr\u00f3ximo mes.<\/p>\n\n\n\n<p>En Chile,&nbsp;<em>El Mercurio<\/em>&nbsp;titul\u00f3:&nbsp;<strong>\u201cEl oficialismo sufre una paliza en Buenos Aires\u201d<\/strong>. Hablaron de \u201celecciones in\u00e9ditas\u201d por el desdoblamiento de las nacionales y destacaron la estrategia del gobernador Axel Kicillof.&nbsp;<strong>\u201cLos resultados fueron un balde de agua fr\u00eda para el oficialismo\u201d<\/strong>, indicaron. En tanto,&nbsp;<em>La Tercera&nbsp;<\/em>encabez\u00f3:&nbsp;<strong>\u201cOficialismo sufre paliza en legislativas de la provincia de Buenos Aires y Milei ve amenazado el rumbo de la econom\u00eda\u201d<\/strong>. Y puntualiz\u00f3 que el peronismo logr\u00f3&nbsp;<strong>\u201cun triunfo hist\u00f3rico\u201d.<\/strong><\/p>\n\n\n\n<p>En Estados Unidos, el&nbsp;<em>Financial Times&nbsp;<\/em>titul\u00f3 que el mandatario nacional,&nbsp;<strong>Javier Milei&nbsp;<\/strong>sufri\u00f3&nbsp;<strong>\u201cun duro rev\u00e9s en las elecciones de Buenos Aires\u201d<\/strong>. En tanto,&nbsp;<em>Bloomberg&nbsp;<\/em>focaliz\u00f3 por el lado econ\u00f3mico y determin\u00f3:&nbsp;<strong>\u201cLos bonos argentinos se desploman tras la derrota de Milei en las elecciones de Buenos Aires\u201d.<\/strong><\/p>\n\n\n\n<h2 class=\"wp-block-heading\">Qu\u00e9 se vot\u00f3 en las elecciones de Buenos Aires<\/h2>\n\n\n\n<p>En el proceso electoral celebrado el 7 de septiembre, la ciudadan\u00eda bonaerense defini\u00f3 la composici\u00f3n de los cuerpos deliberativos provinciales y municipales. En la Legislatura de la provincia de Buenos Aires se&nbsp;<strong>renovaron 23 senadores&nbsp;<\/strong>provinciales titulares y<strong>&nbsp;15 suplentes<\/strong>, adem\u00e1s de&nbsp;<strong>46 diputados<\/strong>&nbsp;provinciales titulares y<strong>&nbsp;28 suplentes<\/strong>, asignados en funci\u00f3n del esquema de representaci\u00f3n por secciones electorales.<\/p>\n\n\n\n<p><strong>En las Secciones Primera, Cuarta, Quinta y S\u00e9ptima se renovaron senadores provinciales<\/strong>, poniendo en juego 8, 7, 5 y 3 bancas respectivamente. Por su parte,&nbsp;<strong>las Secciones Segunda, Tercera, Sexta y Octava eligieron diputados provinciales<\/strong>, con 11, 18, 11 y 6 diputados a elegir en cada una.<\/p>\n\n\n\n<p>El calendario incluy\u00f3 tambi\u00e9n la&nbsp;<strong>elecci\u00f3n de concejales<\/strong>&nbsp;en los distintos municipios y la renovaci\u00f3n de consejeros escolares. Todo esto se llev\u00f3 a cabo en las ocho secciones electorales que conforman la provincia, abarcando tanto los distritos del Conurbano como del interior bonaerense. Este proceso tuvo la particularidad de realizarse de manera desdoblada respecto de las elecciones nacionales, permitiendo que los bonaerenses enfocaran su decisi\u00f3n en la agenda local.<\/p>\n","protected":false},"excerpt":{"rendered":"<p>En la previa,\u00a0La Libertad Avanza, aliada al PRO, esperaba unas elecciones mucho m\u00e1s ajustadas en la\u00a0provincia de Buenos Aires. Sin embargo, el Gobierno nacional\u00a0perdi\u00f3 en seis de las ocho secciones electorales bonaerenses, entre ellas, las dos m\u00e1s importantes en t\u00e9rminos de volumen de electorado: la Primera y la Tercera. De esta manera,\u00a0Fuerza Patria\u00a0le sac\u00f3 una [&hellip;]<\/p>\n","protected":false},"author":1,"featured_media":0,"comment_status":"open","ping_status":"open","sticky":false,"template":"","format":"standard","meta":{"footnotes":""},"categories":[1],"tags":[],"class_list":["post-2530","post","type-post","status-publish","format-standard","hentry","category-politica"],"_links":{"self":[{"href":"https:\/\/laestaciononline.com.ar\/index.php?rest_route=\/wp\/v2\/posts\/2530","targetHints":{"allow":["GET"]}}],"collection":[{"href":"https:\/\/laestaciononline.com.ar\/index.php?rest_route=\/wp\/v2\/posts"}],"about":[{"href":"https:\/\/laestaciononline.com.ar\/index.php?rest_route=\/wp\/v2\/types\/post"}],"author":[{"embeddable":true,"href":"https:\/\/laestaciononline.com.ar\/index.php?rest_route=\/wp\/v2\/users\/1"}],"replies":[{"embeddable":true,"href":"https:\/\/laestaciononline.com.ar\/index.php?rest_route=%2Fwp%2Fv2%2Fcomments&post=2530"}],"version-history":[{"count":3,"href":"https:\/\/laestaciononline.com.ar\/index.php?rest_route=\/wp\/v2\/posts\/2530\/revisions"}],"predecessor-version":[{"id":2536,"href":"https:\/\/laestaciononline.com.ar\/index.php?rest_route=\/wp\/v2\/posts\/2530\/revisions\/2536"}],"wp:attachment":[{"href":"https:\/\/laestaciononline.com.ar\/index.php?rest_route=%2Fwp%2Fv2%2Fmedia&parent=2530"}],"wp:term":[{"taxonomy":"category","embeddable":true,"href":"https:\/\/laestaciononline.com.ar\/index.php?rest_route=%2Fwp%2Fv2%2Fcategories&post=2530"},{"taxonomy":"post_tag","embeddable":true,"href":"https:\/\/laestaciononline.com.ar\/index.php?rest_route=%2Fwp%2Fv2%2Ftags&post=2530"}],"curies":[{"name":"wp","href":"https:\/\/api.w.org\/{rel}","templated":true}]}}