{"id":2540,"date":"2025-09-09T18:03:39","date_gmt":"2025-09-09T18:03:39","guid":{"rendered":"https:\/\/laestaciononline.com.ar\/?p=2540"},"modified":"2025-09-09T18:06:30","modified_gmt":"2025-09-09T18:06:30","slug":"los-gobernadores-ponen-en-duda-la-mesa-de-dialogo-de-milei-y-alistan-una-demostracion-de-poder-en-cordoba","status":"publish","type":"post","link":"https:\/\/laestaciononline.com.ar\/?p=2540","title":{"rendered":"Los gobernadores ponen en duda la mesa de di\u00e1logo de Milei y alistan una demostraci\u00f3n de poder en C\u00f3rdoba"},"content":{"rendered":"\n<p>El m\u00e1s expl\u00edcito fue el salte\u00f1o\u00a0<strong>Gustavo S\u00e1enz<\/strong>, que expres\u00f3 de manera descarnada los motivos por los cuales los gobernadores desconf\u00edan de participar de la mesa de di\u00e1logo que convoc\u00f3 la Casa Rosada, para recuperar ox\u00edgeno pol\u00edtico despu\u00e9s de la estruendosa derrota del domingo en la provincia de Buenos Aires.\u00a0<strong>\u201cNo son leones, son palomas de iglesia, porque cagan a los fieles. A m\u00ed me cagaron con obras y me cagaron en lo electoral, con candidatos que me destrozan\u201d<\/strong>, resumi\u00f3.<\/p>\n\n\n\n<p>S\u00e1enz es apenas una voz de las muchas que se escucharon, en p\u00fablico y en privado, de gobernadores que desconf\u00edan de la convocatoria que difundi\u00f3 el vocero presidencial, Manuel Adorni. Entienden que despu\u00e9s de m\u00e1s de un a\u00f1o de promesas incumplidas, no hay por ahora est\u00edmulos para acercarse a un oficialismo que est\u00e1 a la defensiva.<\/p>\n\n\n\n<p>En ese paisaje, se recorta con m\u00e1s fuerza el polo de los seis mandatarios de Provincias Unidas que preparan para el viernes una muestra de fuerza.<strong>\u00a0Ser\u00e1 el viernes en la Sociedad Rural de R\u00edo Cuarto, en C\u00f3rdoba<\/strong>: est\u00e1 prevista la presencia del anfitri\u00f3n,\u00a0<strong>Mart\u00edn Llaryora, Maximiliano Pullaro<\/strong>\u00a0(Santa Fe),\u00a0<strong>Gustavo Vald\u00e9s<\/strong>\u00a0(Corrientes),<strong>\u00a0Ignacio \u201cNacho\u201d Torres<\/strong>\u00a0(Chubut),\u00a0<strong>Carlos Sadir\u00a0<\/strong>(Jujuy) y\u00a0<strong>Claudio Vidal<\/strong>\u00a0(Santa Cruz). Y no se descarta alguna presencia m\u00e1s.<\/p>\n\n\n\n<p>Algunos de esos mandatarios felicitaron a\u00a0<strong>Axel Kicillof<\/strong>, el gobernador de Buenos Aires, por el arrollador triunfo en las elecciones del domingo, por m\u00e1s de 13 puntos, ante los candidatos de La Libertad Avanza. Fue un gesto de hostilidad inicial hacia el gobierno nacional, que despu\u00e9s se profundiz\u00f3.<\/p>\n\n\n\n<p>Cuando hab\u00edan pasado pocos minutos del anuncio de Adorni, uno de ellos, de fuerte predicamento en Provincias Unidas,\u00a0<strong>Pullaro<\/strong>, redobl\u00f3 la apuesta: \u201cLa gente viene hablando fuerte y claro. El gobierno sigue sin escuchar, paralizado. Hay que dejar atr\u00e1s el pasado, lleno de fracasos y frustraciones. Enfrentar ya los graves problemas del presente, porque en las casas de nuestra gente todo apremia\u201d, public\u00f3 en X.<\/p>\n","protected":false},"excerpt":{"rendered":"<p>El m\u00e1s expl\u00edcito fue el salte\u00f1o\u00a0Gustavo S\u00e1enz, que expres\u00f3 de manera descarnada los motivos por los cuales los gobernadores desconf\u00edan de participar de la mesa de di\u00e1logo que convoc\u00f3 la Casa Rosada, para recuperar ox\u00edgeno pol\u00edtico despu\u00e9s de la estruendosa derrota del domingo en la provincia de Buenos Aires.\u00a0\u201cNo son leones, son palomas de iglesia, [&hellip;]<\/p>\n","protected":false},"author":1,"featured_media":2401,"comment_status":"open","ping_status":"open","sticky":false,"template":"","format":"standard","meta":{"footnotes":""},"categories":[1],"tags":[],"class_list":["post-2540","post","type-post","status-publish","format-standard","has-post-thumbnail","hentry","category-politica"],"_links":{"self":[{"href":"https:\/\/laestaciononline.com.ar\/index.php?rest_route=\/wp\/v2\/posts\/2540","targetHints":{"allow":["GET"]}}],"collection":[{"href":"https:\/\/laestaciononline.com.ar\/index.php?rest_route=\/wp\/v2\/posts"}],"about":[{"href":"https:\/\/laestaciononline.com.ar\/index.php?rest_route=\/wp\/v2\/types\/post"}],"author":[{"embeddable":true,"href":"https:\/\/laestaciononline.com.ar\/index.php?rest_route=\/wp\/v2\/users\/1"}],"replies":[{"embeddable":true,"href":"https:\/\/laestaciononline.com.ar\/index.php?rest_route=%2Fwp%2Fv2%2Fcomments&post=2540"}],"version-history":[{"count":3,"href":"https:\/\/laestaciononline.com.ar\/index.php?rest_route=\/wp\/v2\/posts\/2540\/revisions"}],"predecessor-version":[{"id":2543,"href":"https:\/\/laestaciononline.com.ar\/index.php?rest_route=\/wp\/v2\/posts\/2540\/revisions\/2543"}],"wp:featuredmedia":[{"embeddable":true,"href":"https:\/\/laestaciononline.com.ar\/index.php?rest_route=\/wp\/v2\/media\/2401"}],"wp:attachment":[{"href":"https:\/\/laestaciononline.com.ar\/index.php?rest_route=%2Fwp%2Fv2%2Fmedia&parent=2540"}],"wp:term":[{"taxonomy":"category","embeddable":true,"href":"https:\/\/laestaciononline.com.ar\/index.php?rest_route=%2Fwp%2Fv2%2Fcategories&post=2540"},{"taxonomy":"post_tag","embeddable":true,"href":"https:\/\/laestaciononline.com.ar\/index.php?rest_route=%2Fwp%2Fv2%2Ftags&post=2540"}],"curies":[{"name":"wp","href":"https:\/\/api.w.org\/{rel}","templated":true}]}}