{"id":2547,"date":"2025-09-10T12:36:17","date_gmt":"2025-09-10T12:36:17","guid":{"rendered":"https:\/\/laestaciononline.com.ar\/?p=2547"},"modified":"2025-09-10T12:37:37","modified_gmt":"2025-09-10T12:37:37","slug":"axel-kicillof-javier-milei-prometio-tenir-de-violeta-la-provincia-pero-se-quedo-sin-pintura","status":"publish","type":"post","link":"https:\/\/laestaciononline.com.ar\/?p=2547","title":{"rendered":"Axel Kicillof: &#8220;Javier Milei prometi\u00f3 te\u00f1ir de violeta la Provincia pero se qued\u00f3 sin pintura&#8221;"},"content":{"rendered":"\n<p>En una entrevista con Gustavo Sylvestre en C5N, el gobernador bonaerense Axel Kicillof atribuy\u00f3 la rotunda derrota de La Libertad Avanza en las elecciones provinciales al fracaso de las pol\u00edticas econ\u00f3micas del gobierno nacional. Dijo que fue el presidente Javier Milei quien encabez\u00f3 personalmente la campa\u00f1a, y lament\u00f3 los resultados <\/p>\n\n\n\n<p>Defini\u00f3 el triunfo de Frente Patria como \u201cimpactante\u201d e \u201cimpresionante\u201d, y subray\u00f3 que se trata de la primera victoria de un espacio peronista en una elecci\u00f3n de medio t\u00e9rmino en casi dos d\u00e9cadas <\/p>\n\n\n\n<p>En tono cr\u00edtico, cuestion\u00f3 la estrategia de campa\u00f1a de Milei, a la que calific\u00f3 de \u201cprovocadora\u201d y \u201cagresiva\u201d: \u201cEl Presidente puso todas las fichas en la provincia de Buenos Aires. Fue a provocar, despreci\u00f3 a los bonaerenses, desfinanci\u00f3 a la Provincia\u2026 \u00bfY as\u00ed esperaba ganar la elecci\u00f3n? Perdieron en m\u00e1s de 100 distritos\u201d<\/p>\n\n\n\n<p>Kicillof tambi\u00e9n interpret\u00f3 los resultados como un verdadero plebiscito contra la gesti\u00f3n nacional, utilizando una met\u00e1fora cargada de iron\u00eda: \u201cDijo que iba a pintar la provincia de violeta, pero parece que ese d\u00eda falt\u00f3 pintura. La provincia qued\u00f3 celeste\u201d <\/p>\n\n\n\n<p>Por \u00faltimo, consider\u00f3 que el mensaje de las urnas fue inequ\u00edvoco y que Milei deber\u00e1 reconsiderar su rumbo pol\u00edtico porque \u201cla gente no est\u00e1 de acuerdo\u201d. Tambi\u00e9n record\u00f3 que el FMI aport\u00f3 USD 20 mil millones para sostener el tipo de cambio, lo cual, a su entender, fue mal utilizado por el gobierno<\/p>\n","protected":false},"excerpt":{"rendered":"<p>En una entrevista con Gustavo Sylvestre en C5N, el gobernador bonaerense Axel Kicillof atribuy\u00f3 la rotunda derrota de La Libertad Avanza en las elecciones provinciales al fracaso de las pol\u00edticas econ\u00f3micas del gobierno nacional. Dijo que fue el presidente Javier Milei quien encabez\u00f3 personalmente la campa\u00f1a, y lament\u00f3 los resultados Defini\u00f3 el triunfo de Frente [&hellip;]<\/p>\n","protected":false},"author":1,"featured_media":2549,"comment_status":"open","ping_status":"open","sticky":false,"template":"","format":"standard","meta":{"footnotes":""},"categories":[1],"tags":[],"class_list":["post-2547","post","type-post","status-publish","format-standard","has-post-thumbnail","hentry","category-politica"],"_links":{"self":[{"href":"https:\/\/laestaciononline.com.ar\/index.php?rest_route=\/wp\/v2\/posts\/2547","targetHints":{"allow":["GET"]}}],"collection":[{"href":"https:\/\/laestaciononline.com.ar\/index.php?rest_route=\/wp\/v2\/posts"}],"about":[{"href":"https:\/\/laestaciononline.com.ar\/index.php?rest_route=\/wp\/v2\/types\/post"}],"author":[{"embeddable":true,"href":"https:\/\/laestaciononline.com.ar\/index.php?rest_route=\/wp\/v2\/users\/1"}],"replies":[{"embeddable":true,"href":"https:\/\/laestaciononline.com.ar\/index.php?rest_route=%2Fwp%2Fv2%2Fcomments&post=2547"}],"version-history":[{"count":1,"href":"https:\/\/laestaciononline.com.ar\/index.php?rest_route=\/wp\/v2\/posts\/2547\/revisions"}],"predecessor-version":[{"id":2548,"href":"https:\/\/laestaciononline.com.ar\/index.php?rest_route=\/wp\/v2\/posts\/2547\/revisions\/2548"}],"wp:featuredmedia":[{"embeddable":true,"href":"https:\/\/laestaciononline.com.ar\/index.php?rest_route=\/wp\/v2\/media\/2549"}],"wp:attachment":[{"href":"https:\/\/laestaciononline.com.ar\/index.php?rest_route=%2Fwp%2Fv2%2Fmedia&parent=2547"}],"wp:term":[{"taxonomy":"category","embeddable":true,"href":"https:\/\/laestaciononline.com.ar\/index.php?rest_route=%2Fwp%2Fv2%2Fcategories&post=2547"},{"taxonomy":"post_tag","embeddable":true,"href":"https:\/\/laestaciononline.com.ar\/index.php?rest_route=%2Fwp%2Fv2%2Ftags&post=2547"}],"curies":[{"name":"wp","href":"https:\/\/api.w.org\/{rel}","templated":true}]}}