{"id":2556,"date":"2025-09-11T16:44:14","date_gmt":"2025-09-11T16:44:14","guid":{"rendered":"https:\/\/laestaciononline.com.ar\/?p=2556"},"modified":"2025-09-11T16:48:17","modified_gmt":"2025-09-11T16:48:17","slug":"hospital-garrahan-trabajadores-retoman-el-paro-tras-veto-a-la-ley-de-emergencia-pediatrica","status":"publish","type":"post","link":"https:\/\/laestaciononline.com.ar\/?p=2556","title":{"rendered":"\u201cHospital Garrahan: trabajadores retoman el paro tras veto a la Ley de Emergencia Pedi\u00e1trica\u201d"},"content":{"rendered":"\n<p>Tras oficializar este jueves el veto presidencial a la Ley de Emergencia Pedi\u00e1trica,<strong>&nbsp;los trabajadores del Hospital Garrahan convocaron a un paro para resistir en las calles el ajuste que el gobierno de Javier Milei<\/strong>&nbsp;<strong>aplica sobre la Salud<\/strong>&nbsp;al mismo tiempo que baja retenciones al campo, alivia el peso del Impuesto a los Bienes Personales a los sectores m\u00e1s ricos del pa\u00eds y multiplica fondos para los Servicios de Inteligencia.<\/p>\n\n\n\n<p>Trabajadores del Hospital Garrahan nucleados en la Asociaci\u00f3n de Profesionales y T\u00e9cnicos (APyT) anunciaron un nuevo paro que comenzar\u00e1 este viernes a las 7 bajo la consigna&nbsp;&#8220;a Milei lo vetamos en la calle&#8221;.<\/p>\n\n\n\n<p>Confirmaron adem\u00e1s la realizaci\u00f3n de una asamblea para ma\u00f1ana en la que acordar\u00e1n los pasos a seguir. Tambi\u00e9n informaron una conferencia de prensa en el mismo hospital para el pr\u00f3ximo lunes 15.<\/p>\n\n\n\n<p>&#8220;Vamos a proponer en la asamblea, entre otras iniciativas, que el lunes 15 convoquemos a una conferencia de prensa de todos los sectores que apoyan la causa del Garrahan, la Salud P\u00fablica y la Universidad, consensuada en un Cabildo Abierto de m\u00e1s de 30 organizaciones, para que diputados y senadores traten urgente los vetos&#8221;, informaron los trabajadores de APyT.<\/p>\n","protected":false},"excerpt":{"rendered":"<p>Tras oficializar este jueves el veto presidencial a la Ley de Emergencia Pedi\u00e1trica,&nbsp;los trabajadores del Hospital Garrahan convocaron a un paro para resistir en las calles el ajuste que el gobierno de Javier Milei&nbsp;aplica sobre la Salud&nbsp;al mismo tiempo que baja retenciones al campo, alivia el peso del Impuesto a los Bienes Personales a los [&hellip;]<\/p>\n","protected":false},"author":1,"featured_media":2559,"comment_status":"open","ping_status":"open","sticky":false,"template":"","format":"standard","meta":{"footnotes":""},"categories":[1],"tags":[],"class_list":["post-2556","post","type-post","status-publish","format-standard","has-post-thumbnail","hentry","category-politica"],"_links":{"self":[{"href":"https:\/\/laestaciononline.com.ar\/index.php?rest_route=\/wp\/v2\/posts\/2556","targetHints":{"allow":["GET"]}}],"collection":[{"href":"https:\/\/laestaciononline.com.ar\/index.php?rest_route=\/wp\/v2\/posts"}],"about":[{"href":"https:\/\/laestaciononline.com.ar\/index.php?rest_route=\/wp\/v2\/types\/post"}],"author":[{"embeddable":true,"href":"https:\/\/laestaciononline.com.ar\/index.php?rest_route=\/wp\/v2\/users\/1"}],"replies":[{"embeddable":true,"href":"https:\/\/laestaciononline.com.ar\/index.php?rest_route=%2Fwp%2Fv2%2Fcomments&post=2556"}],"version-history":[{"count":2,"href":"https:\/\/laestaciononline.com.ar\/index.php?rest_route=\/wp\/v2\/posts\/2556\/revisions"}],"predecessor-version":[{"id":2558,"href":"https:\/\/laestaciononline.com.ar\/index.php?rest_route=\/wp\/v2\/posts\/2556\/revisions\/2558"}],"wp:featuredmedia":[{"embeddable":true,"href":"https:\/\/laestaciononline.com.ar\/index.php?rest_route=\/wp\/v2\/media\/2559"}],"wp:attachment":[{"href":"https:\/\/laestaciononline.com.ar\/index.php?rest_route=%2Fwp%2Fv2%2Fmedia&parent=2556"}],"wp:term":[{"taxonomy":"category","embeddable":true,"href":"https:\/\/laestaciononline.com.ar\/index.php?rest_route=%2Fwp%2Fv2%2Fcategories&post=2556"},{"taxonomy":"post_tag","embeddable":true,"href":"https:\/\/laestaciononline.com.ar\/index.php?rest_route=%2Fwp%2Fv2%2Ftags&post=2556"}],"curies":[{"name":"wp","href":"https:\/\/api.w.org\/{rel}","templated":true}]}}