{"id":2579,"date":"2025-09-16T13:04:21","date_gmt":"2025-09-16T13:04:21","guid":{"rendered":"https:\/\/laestaciononline.com.ar\/?p=2579"},"modified":"2025-09-16T13:08:43","modified_gmt":"2025-09-16T13:08:43","slug":"kicillof-sigue-en-campana-nacional-y-considera-que-el-gobierno-no-lograra-revertir-el-resultado","status":"publish","type":"post","link":"https:\/\/laestaciononline.com.ar\/?p=2579","title":{"rendered":"Kicillof sigue en campa\u00f1a nacional y considera que el Gobierno no lograr\u00e1 revertir el resultado"},"content":{"rendered":"\n<p>Luego del triunfo contundente de Fuerza Patria en la provincia de Buenos Aires,\u00a0<strong>Axel Kicillof<\/strong>\u00a0qued\u00f3 fortalecido en el escenario pol\u00edtico. Tanto afuera como adentro del peronismo. La amplitud de la victoria sobre La Libertad Avanza (LLA), a la que le ganaron por 13 puntos, consolid\u00f3 su rol como l\u00edder de un sector importante del peronismo bonaerense y como figura principal de la campa\u00f1a electoral en la provincia.<\/p>\n\n\n\n<p>Kicillof duda mucho sobre la posibilidad de que el gobierno de<strong>&nbsp;Javier Milei&nbsp;<\/strong>pueda dar vuelta el resultado electoral obtenido dos semanas atr\u00e1s.&nbsp;<strong>Son 1.096.000&nbsp;<\/strong>millones<strong>&nbsp;de votos de distancia.&nbsp;<\/strong>Lo ve casi imposible.La ventaja es grande, el descontento est\u00e1 instalado y expuesto en ese resultado, y el Gobierno, hasta aqu\u00ed, no ha dado se\u00f1ales claras de reacci\u00f3n frente a la cachetada electoral.<\/p>\n\n\n\n<p><strong>\u201cNo hay que hacer demasiado. Seguir con las recorridas, mostrar la gesti\u00f3n, evitar la interna y mantener la cr\u00edtica hacia Milei y lo que \u00e9l representa\u201d<\/strong>, reflexion\u00f3 el Gobernador en una de las \u00faltimas reuniones que tuvo con intendentes del conurbano. Ni la quietud extrema, ni una jugada de m\u00e1s. Es el fino equilibrio el que hay que buscar.<\/p>\n\n\n\n<p>Su plan de acci\u00f3n incluye coordinar actividades con algunos candidatos de la lista de diputados nacionales por la provincia. Es una forma de estar encima de la campa\u00f1a y, al mismo tiempo, de mimetizar su figura con la del candidato. Sobre todo, teniendo en cuenta que la corona de ganador qued\u00f3 en sus manos, al igual que la chapa de ganador.<\/p>\n","protected":false},"excerpt":{"rendered":"<p>Luego del triunfo contundente de Fuerza Patria en la provincia de Buenos Aires,\u00a0Axel Kicillof\u00a0qued\u00f3 fortalecido en el escenario pol\u00edtico. Tanto afuera como adentro del peronismo. La amplitud de la victoria sobre La Libertad Avanza (LLA), a la que le ganaron por 13 puntos, consolid\u00f3 su rol como l\u00edder de un sector importante del peronismo bonaerense [&hellip;]<\/p>\n","protected":false},"author":1,"featured_media":2582,"comment_status":"open","ping_status":"open","sticky":false,"template":"","format":"standard","meta":{"footnotes":""},"categories":[1],"tags":[],"class_list":["post-2579","post","type-post","status-publish","format-standard","has-post-thumbnail","hentry","category-politica"],"_links":{"self":[{"href":"https:\/\/laestaciononline.com.ar\/index.php?rest_route=\/wp\/v2\/posts\/2579","targetHints":{"allow":["GET"]}}],"collection":[{"href":"https:\/\/laestaciononline.com.ar\/index.php?rest_route=\/wp\/v2\/posts"}],"about":[{"href":"https:\/\/laestaciononline.com.ar\/index.php?rest_route=\/wp\/v2\/types\/post"}],"author":[{"embeddable":true,"href":"https:\/\/laestaciononline.com.ar\/index.php?rest_route=\/wp\/v2\/users\/1"}],"replies":[{"embeddable":true,"href":"https:\/\/laestaciononline.com.ar\/index.php?rest_route=%2Fwp%2Fv2%2Fcomments&post=2579"}],"version-history":[{"count":2,"href":"https:\/\/laestaciononline.com.ar\/index.php?rest_route=\/wp\/v2\/posts\/2579\/revisions"}],"predecessor-version":[{"id":2581,"href":"https:\/\/laestaciononline.com.ar\/index.php?rest_route=\/wp\/v2\/posts\/2579\/revisions\/2581"}],"wp:featuredmedia":[{"embeddable":true,"href":"https:\/\/laestaciononline.com.ar\/index.php?rest_route=\/wp\/v2\/media\/2582"}],"wp:attachment":[{"href":"https:\/\/laestaciononline.com.ar\/index.php?rest_route=%2Fwp%2Fv2%2Fmedia&parent=2579"}],"wp:term":[{"taxonomy":"category","embeddable":true,"href":"https:\/\/laestaciononline.com.ar\/index.php?rest_route=%2Fwp%2Fv2%2Fcategories&post=2579"},{"taxonomy":"post_tag","embeddable":true,"href":"https:\/\/laestaciononline.com.ar\/index.php?rest_route=%2Fwp%2Fv2%2Ftags&post=2579"}],"curies":[{"name":"wp","href":"https:\/\/api.w.org\/{rel}","templated":true}]}}