{"id":2590,"date":"2025-09-17T11:39:38","date_gmt":"2025-09-17T11:39:38","guid":{"rendered":"https:\/\/laestaciononline.com.ar\/?p=2590"},"modified":"2025-09-17T11:41:43","modified_gmt":"2025-09-17T11:41:43","slug":"cascallares-participo-de-emotivo-homenaje-en-brown-a-49-anos-de-la-noches-de-los-lapices","status":"publish","type":"post","link":"https:\/\/laestaciononline.com.ar\/?p=2590","title":{"rendered":"Cascallares particip\u00f3 de emotivo homenaje en Brown a 49\u00b0 a\u00f1os de La Noches de los L\u00e1pices"},"content":{"rendered":"\n<p><\/p>\n\n\n\n<p>El intendente de Almirante Brown, Mariano Cascallares, particip\u00f3 de un emotivo homenaje al cumplirse 49 a\u00f1os de la \u201cNoche de los L\u00e1pices\u201d, recordando a los estudiantes secundarios secuestrados, torturados y asesinados durante la \u00faltima Dictadura C\u00edvico Militar en la Argentina.<\/p>\n\n\n\n<p>El acto se desarroll\u00f3 en el Monumento al L\u00e1piz, ubicado en la calle Esteban Adrogu\u00e9 y la Avenida Espora, en el marco del Mes de las Juventudes, y como cada a\u00f1o la ceremonia incluy\u00f3 la colocaci\u00f3n de una ofrenda floral en memoria de las v\u00edctimas.<\/p>\n\n\n\n<p>La jornada cont\u00f3 con la participaci\u00f3n de federaciones y centros de estudiantiles, instituciones educativas y autoridades locales, con el objetivo de mantener viva la memoria de los j\u00f3venes y reafirmar el compromiso con la democracia y los derechos humanos.<\/p>\n\n\n\n<p>\u201cEn Almirante Brown trabajamos por la Memoria, la Verdad y la Justicia, y este homenaje que realizamos cada a\u00f1o a los estudiantes de la Noche de los L\u00e1pices es reafirmar nuestro compromiso con la Democracia y con las juventudes para continuar construyendo un futuro mejor\u201d, subray\u00f3 Mariano Cascallares.<\/p>\n\n\n\n<p>Cabe destacar que desde 2020 la Direcci\u00f3n de Juventud, la Secretar\u00eda de Educaci\u00f3n, Ciencia y Tecnolog\u00eda y la Direcci\u00f3n General de Derechos Humanos llevan adelante actividades para conmemorar esta fecha. Estas acciones buscan promover en las juventudes del distrito una reflexi\u00f3n cr\u00edtica sobre el pasado hist\u00f3rico argentino, fortaleciendo los valores democr\u00e1ticos y proyectando un futuro con m\u00e1s derechos e igualdad.<\/p>\n\n\n\n<p>Del acto participaron el presidente del Honorable Concejo Deliberante, Nicol\u00e1s Jawtuschenko; la secretaria de Desarrollo, Seguridad Social y Derechos Humanos, B\u00e1rbara Mi\u00f1\u00e1n; el secretario de Educaci\u00f3n, Ciencia y Tecnolog\u00eda, Sergio Pianciola; la directora del Instituto de las Juventudes, Daniela Se\u00f1orelli; la delegada municipal de Adrogu\u00e9, Mar\u00eda Jos\u00e9 Zandonadi; representantes de la Universidad Nacional Guillermo Brown y delegaciones de escuelas e institutos de formaci\u00f3n docente del distrito.<\/p>\n","protected":false},"excerpt":{"rendered":"<p>El intendente de Almirante Brown, Mariano Cascallares, particip\u00f3 de un emotivo homenaje al cumplirse 49 a\u00f1os de la \u201cNoche de los L\u00e1pices\u201d, recordando a los estudiantes secundarios secuestrados, torturados y asesinados durante la \u00faltima Dictadura C\u00edvico Militar en la Argentina. El acto se desarroll\u00f3 en el Monumento al L\u00e1piz, ubicado en la calle Esteban Adrogu\u00e9 [&hellip;]<\/p>\n","protected":false},"author":1,"featured_media":2592,"comment_status":"open","ping_status":"open","sticky":false,"template":"","format":"standard","meta":{"footnotes":""},"categories":[1],"tags":[],"class_list":["post-2590","post","type-post","status-publish","format-standard","has-post-thumbnail","hentry","category-politica"],"_links":{"self":[{"href":"https:\/\/laestaciononline.com.ar\/index.php?rest_route=\/wp\/v2\/posts\/2590","targetHints":{"allow":["GET"]}}],"collection":[{"href":"https:\/\/laestaciononline.com.ar\/index.php?rest_route=\/wp\/v2\/posts"}],"about":[{"href":"https:\/\/laestaciononline.com.ar\/index.php?rest_route=\/wp\/v2\/types\/post"}],"author":[{"embeddable":true,"href":"https:\/\/laestaciononline.com.ar\/index.php?rest_route=\/wp\/v2\/users\/1"}],"replies":[{"embeddable":true,"href":"https:\/\/laestaciononline.com.ar\/index.php?rest_route=%2Fwp%2Fv2%2Fcomments&post=2590"}],"version-history":[{"count":1,"href":"https:\/\/laestaciononline.com.ar\/index.php?rest_route=\/wp\/v2\/posts\/2590\/revisions"}],"predecessor-version":[{"id":2591,"href":"https:\/\/laestaciononline.com.ar\/index.php?rest_route=\/wp\/v2\/posts\/2590\/revisions\/2591"}],"wp:featuredmedia":[{"embeddable":true,"href":"https:\/\/laestaciononline.com.ar\/index.php?rest_route=\/wp\/v2\/media\/2592"}],"wp:attachment":[{"href":"https:\/\/laestaciononline.com.ar\/index.php?rest_route=%2Fwp%2Fv2%2Fmedia&parent=2590"}],"wp:term":[{"taxonomy":"category","embeddable":true,"href":"https:\/\/laestaciononline.com.ar\/index.php?rest_route=%2Fwp%2Fv2%2Fcategories&post=2590"},{"taxonomy":"post_tag","embeddable":true,"href":"https:\/\/laestaciononline.com.ar\/index.php?rest_route=%2Fwp%2Fv2%2Ftags&post=2590"}],"curies":[{"name":"wp","href":"https:\/\/api.w.org\/{rel}","templated":true}]}}