{"id":2593,"date":"2025-09-17T11:45:17","date_gmt":"2025-09-17T11:45:17","guid":{"rendered":"https:\/\/laestaciononline.com.ar\/?p=2593"},"modified":"2025-09-17T11:46:02","modified_gmt":"2025-09-17T11:46:02","slug":"marcha-federal-universitaria-este-miercoles-estudiantes-y-docentes-se-manifiestan-frente-al-congreso","status":"publish","type":"post","link":"https:\/\/laestaciononline.com.ar\/?p=2593","title":{"rendered":"Marcha Federal Universitaria: este mi\u00e9rcoles, estudiantes y docentes se manifiestan frente al Congreso"},"content":{"rendered":"\n<p>Este&nbsp;<strong>mi\u00e9rcoles se realiza una nueva Marcha Federal hacia el Congreso de la Naci\u00f3n en rechazo a los vetos con los que el presidente Javier Milei deshizo el trabajo legislativo<\/strong>&nbsp;para proteger a sectores vulnerables de la poblaci\u00f3n, como los jubilados o la salud p\u00fablica pedi\u00e1trica, o recomponer el financiamiento de las universidades nacionales, entre otros temas.<\/p>\n\n\n\n<p>A la manifestaci\u00f3n de jubilados que se volvi\u00f3 habitual todos los mi\u00e9rcoles casi desde el inicio del mandato de Javier Milei se le suman agrupaciones pol\u00edticas, estudiantiles y sindicales para la tercera Marcha Federal frente al Congreso.<\/p>\n\n\n\n<p>Se espera&nbsp;<strong>que participen de la iniciativa miembros de partidos de la oposici\u00f3n adem\u00e1s de la CGT, las dos CTA y movimientos sociales<\/strong>.<\/p>\n\n\n\n<p>Las columnas de manifestantes que se concentrar\u00e1n desde el mediod\u00eda frente al Congreso, lo que permite suponer que el tr\u00e1nsito del centro de la Ciudad de Buenos Aires estar\u00e1 convulsionado durante la ma\u00f1ana.<\/p>\n\n\n\n<p>Mientras tanto, adentro del recinto de Diputados se estar\u00e1 sesionando para tratar<strong>&nbsp;la posibilidad de que la C\u00e1mara baja rechace los vetos de Javier Milei como lo hizo para salvar la Ley de Emergencia en Discapacidad<\/strong>, que ser\u00e1 promulgada por el Ejecutivo, seg\u00fan afirm\u00f3 el lunes de esta semana el jefe de Gabinete, Guillermo Francos.<\/p>\n\n\n\n<h2 class=\"wp-block-heading\">Movimiento de la CGT<\/h2>\n\n\n\n<p>&#8220;Esta CGT estar\u00e1 en el Congreso acompa\u00f1ando a las organizaciones de la salud, a la comunidad universitaria, sindicatos, movimientos sociales, y fuerzas pol\u00edticas en el reclamo colectivo a favor de la salud y la educaci\u00f3n p\u00fablica. Ambas leyes vetadas son producto del consenso alcanzado entre amplios sectores de nuestra sociedad, por eso instamos a las diputadas y diputados a que insistan en la validez de las mismas&#8221;, sostuvo la entidad acerca de la marcha de este mi\u00e9rcoles.<\/p>\n\n\n\n<p>Desde la CTA de los Trabajadores el diputado kirchnerista, Hugo Yasky, sostuvo: &#8220;Coincidimos y estamos juntos en la lucha, apoyando reclamos como el del Hospital Garrahan, que necesita recursos para seguir funcionando, y acompa\u00f1ando a los jubilados en defensa de sus derechos&#8221;.<\/p>\n","protected":false},"excerpt":{"rendered":"<p>Este&nbsp;mi\u00e9rcoles se realiza una nueva Marcha Federal hacia el Congreso de la Naci\u00f3n en rechazo a los vetos con los que el presidente Javier Milei deshizo el trabajo legislativo&nbsp;para proteger a sectores vulnerables de la poblaci\u00f3n, como los jubilados o la salud p\u00fablica pedi\u00e1trica, o recomponer el financiamiento de las universidades nacionales, entre otros temas. [&hellip;]<\/p>\n","protected":false},"author":1,"featured_media":2595,"comment_status":"open","ping_status":"open","sticky":false,"template":"","format":"standard","meta":{"footnotes":""},"categories":[1],"tags":[],"class_list":["post-2593","post","type-post","status-publish","format-standard","has-post-thumbnail","hentry","category-politica"],"_links":{"self":[{"href":"https:\/\/laestaciononline.com.ar\/index.php?rest_route=\/wp\/v2\/posts\/2593","targetHints":{"allow":["GET"]}}],"collection":[{"href":"https:\/\/laestaciononline.com.ar\/index.php?rest_route=\/wp\/v2\/posts"}],"about":[{"href":"https:\/\/laestaciononline.com.ar\/index.php?rest_route=\/wp\/v2\/types\/post"}],"author":[{"embeddable":true,"href":"https:\/\/laestaciononline.com.ar\/index.php?rest_route=\/wp\/v2\/users\/1"}],"replies":[{"embeddable":true,"href":"https:\/\/laestaciononline.com.ar\/index.php?rest_route=%2Fwp%2Fv2%2Fcomments&post=2593"}],"version-history":[{"count":1,"href":"https:\/\/laestaciononline.com.ar\/index.php?rest_route=\/wp\/v2\/posts\/2593\/revisions"}],"predecessor-version":[{"id":2594,"href":"https:\/\/laestaciononline.com.ar\/index.php?rest_route=\/wp\/v2\/posts\/2593\/revisions\/2594"}],"wp:featuredmedia":[{"embeddable":true,"href":"https:\/\/laestaciononline.com.ar\/index.php?rest_route=\/wp\/v2\/media\/2595"}],"wp:attachment":[{"href":"https:\/\/laestaciononline.com.ar\/index.php?rest_route=%2Fwp%2Fv2%2Fmedia&parent=2593"}],"wp:term":[{"taxonomy":"category","embeddable":true,"href":"https:\/\/laestaciononline.com.ar\/index.php?rest_route=%2Fwp%2Fv2%2Fcategories&post=2593"},{"taxonomy":"post_tag","embeddable":true,"href":"https:\/\/laestaciononline.com.ar\/index.php?rest_route=%2Fwp%2Fv2%2Ftags&post=2593"}],"curies":[{"name":"wp","href":"https:\/\/api.w.org\/{rel}","templated":true}]}}