{"id":2596,"date":"2025-09-17T13:23:30","date_gmt":"2025-09-17T13:23:30","guid":{"rendered":"https:\/\/laestaciononline.com.ar\/?p=2596"},"modified":"2025-09-17T13:24:58","modified_gmt":"2025-09-17T13:24:58","slug":"el-municipio-acompana-a-los-boxeadores-brownianos-jeremias-ponce-y-atilas-diaz","status":"publish","type":"post","link":"https:\/\/laestaciononline.com.ar\/?p=2596","title":{"rendered":"El municipio acompa\u00f1a a los boxeadores brownianos Jerem\u00edas Ponce y Atilas Diaz"},"content":{"rendered":"\n<p><\/p>\n\n\n\n<p>El intendente municipal Mariano Cascallares y el equipo del Instituto Municipal del Deporte mantuvieron una reuni\u00f3n con los boxeadores brownianos Jerem\u00edas Ponce y Atilas D\u00edaz, a quienes les ratific\u00f3 el acompa\u00f1amiento del Municipio en el marco de las futuras competencias internacionales.<\/p>\n\n\n\n<p>Durante el encuentro, que tuvo lugar en el Palacio Municipal, el jefe comunal renov\u00f3 el compromiso de acompa\u00f1ar a todos los deportistas de nuestro distrito con el objetivo de promover su desarrollo en las diferentes disciplinas.<\/p>\n\n\n\n<p>\u201cHoy compartimos una emotiva jornada con dos deportistas de Jos\u00e9 M\u00e1rmol que se dedican al boxeo, con el experimentado Jerem\u00edas Ponce y con el joven Atilas D\u00edaz que est\u00e1 dando sus primeros pasos, siempre con la premisa de conocer sus inquietudes y colaborar con sus proyectos para que sigan creciendo profesionalmente\u201d, sostuvo Mariano Cascallares.<\/p>\n\n\n\n<p>En la oportunidad, los p\u00fagiles revivieron an\u00e9cdotas y experiencias y compartieron sus proyectos y los anhelos de seguir creciendo y posicion\u00e1ndose en la disciplina.<\/p>\n\n\n\n<p>En ese marco, Atilas de solo 15 a\u00f1os de edad, se mostr\u00f3 muy entusiasmado de participar en el campeonato mundial de boxeo Amateur que se disputar\u00e1 el pr\u00f3ximo 27 de septiembre en M\u00e9xico. Asimismo, el joven no solo recibi\u00f3 consejos sino apunt\u00f3 un encuentro con Jerem\u00edas -que se puso a disposici\u00f3n- para \u201cguantear\u201d juntos antes del esperado viaje.<\/p>\n\n\n\n<p>Es para destacar que Jerem\u00edas Nicol\u00e1s Ponce, nacido el 3 de julio de 1996 en Jos\u00e9 M\u00e1rmol, es un boxeador profesional destacado en la categor\u00eda superligero. Desde su debut profesional en 2015, ha mostrado una constante evoluci\u00f3n que lo llev\u00f3 a los escenarios internacionales m\u00e1s exigentes.<\/p>\n\n\n\n<p>Durante su carrera conquist\u00f3 diversos t\u00edtulos, incluyendo el WBA Fedebol, el Intercontinental de la IBF (superligero), y se coron\u00f3 campe\u00f3n mundial IBO en 2019 tras vencer al alem\u00e1n Rico Mueller en Alemania. En febrero de 2023, Jerem\u00edas tuvo su oportunidad m\u00e1s importante al disputar el t\u00edtulo mundial de la Federaci\u00f3n Internacional de Boxeo (IBF) en la categor\u00eda superligero, pero sufri\u00f3 su primera y \u00fanica derrota profesional.<\/p>\n\n\n\n<p>Actualmente, es uno de los principales exponentes del boxeo argentino y mantiene un r\u00e9cord profesional de 34 peleas: 33 victorias (22 por nocaut) y 1 derrota.<\/p>\n\n\n\n<p>Atilas, en tanto, que entrena desde los 8 a\u00f1os junto a su padre y hermanos, comenz\u00f3 practicando en el patio de su casa hasta que despu\u00e9s de mucho esfuerzo su familia abri\u00f3 un gimnasio que se convirti\u00f3 en un lugar de refugio para los chicos de barrio, donde no solo entrenan sino se recrean.<\/p>\n\n\n\n<p>Este joven boxeador, tambi\u00e9n oriundo de Jos\u00e9 M\u00e1rmol, lleva ganados 11 cinturones, tiene 5 peleas perdidas, pero tambi\u00e9n 15 ganadas por nocaut.&nbsp;En la actualidad profundiza su entrenamiento para poder estar apto f\u00edsicamente y participar en el campeonato internacional de M\u00e9xico, que reunir\u00e1 a delegaciones de diversos pa\u00edses con el fin de promover el desarrollo del boxeo amateur.<\/p>\n\n\n\n<p>Participaron de la actividad el presidente del Instituto del Deporte, Mauricio G\u00f3mez; la delegada de Jos\u00e9 M\u00e1rmol, Valeria Ramallo; Carlos D\u00edaz padre de Atilas y el entrenador de Jerem\u00edas Ponce, Alberto Zacar\u00edas.<\/p>\n","protected":false},"excerpt":{"rendered":"<p>El intendente municipal Mariano Cascallares y el equipo del Instituto Municipal del Deporte mantuvieron una reuni\u00f3n con los boxeadores brownianos Jerem\u00edas Ponce y Atilas D\u00edaz, a quienes les ratific\u00f3 el acompa\u00f1amiento del Municipio en el marco de las futuras competencias internacionales. Durante el encuentro, que tuvo lugar en el Palacio Municipal, el jefe comunal renov\u00f3 [&hellip;]<\/p>\n","protected":false},"author":1,"featured_media":2598,"comment_status":"open","ping_status":"open","sticky":false,"template":"","format":"standard","meta":{"footnotes":""},"categories":[1],"tags":[],"class_list":["post-2596","post","type-post","status-publish","format-standard","has-post-thumbnail","hentry","category-politica"],"_links":{"self":[{"href":"https:\/\/laestaciononline.com.ar\/index.php?rest_route=\/wp\/v2\/posts\/2596","targetHints":{"allow":["GET"]}}],"collection":[{"href":"https:\/\/laestaciononline.com.ar\/index.php?rest_route=\/wp\/v2\/posts"}],"about":[{"href":"https:\/\/laestaciononline.com.ar\/index.php?rest_route=\/wp\/v2\/types\/post"}],"author":[{"embeddable":true,"href":"https:\/\/laestaciononline.com.ar\/index.php?rest_route=\/wp\/v2\/users\/1"}],"replies":[{"embeddable":true,"href":"https:\/\/laestaciononline.com.ar\/index.php?rest_route=%2Fwp%2Fv2%2Fcomments&post=2596"}],"version-history":[{"count":1,"href":"https:\/\/laestaciononline.com.ar\/index.php?rest_route=\/wp\/v2\/posts\/2596\/revisions"}],"predecessor-version":[{"id":2597,"href":"https:\/\/laestaciononline.com.ar\/index.php?rest_route=\/wp\/v2\/posts\/2596\/revisions\/2597"}],"wp:featuredmedia":[{"embeddable":true,"href":"https:\/\/laestaciononline.com.ar\/index.php?rest_route=\/wp\/v2\/media\/2598"}],"wp:attachment":[{"href":"https:\/\/laestaciononline.com.ar\/index.php?rest_route=%2Fwp%2Fv2%2Fmedia&parent=2596"}],"wp:term":[{"taxonomy":"category","embeddable":true,"href":"https:\/\/laestaciononline.com.ar\/index.php?rest_route=%2Fwp%2Fv2%2Fcategories&post=2596"},{"taxonomy":"post_tag","embeddable":true,"href":"https:\/\/laestaciononline.com.ar\/index.php?rest_route=%2Fwp%2Fv2%2Ftags&post=2596"}],"curies":[{"name":"wp","href":"https:\/\/api.w.org\/{rel}","templated":true}]}}