{"id":2602,"date":"2025-09-18T13:00:11","date_gmt":"2025-09-18T13:00:11","guid":{"rendered":"https:\/\/laestaciononline.com.ar\/?p=2602"},"modified":"2025-09-18T13:04:54","modified_gmt":"2025-09-18T13:04:54","slug":"el-senado-se-pronuncia-este-jueves-sobre-el-rechazo-al-veto-de-la-ley-de-atn","status":"publish","type":"post","link":"https:\/\/laestaciononline.com.ar\/?p=2602","title":{"rendered":"El Senado se pronuncia este jueves sobre el rechazo al veto de la Ley de ATN"},"content":{"rendered":"\n<p>El presidente&nbsp;<strong>Javier Milei<\/strong>&nbsp;est\u00e1 a las puertas de sufrir nuevas y resonantes derrotas en la Naci\u00f3n. Diputados rechaz\u00f3 este mi\u00e9rcoles los vetos libertarios a las leyes de Financiamiento Universitario y Emergencia en Pediatr\u00eda en simult\u00e1neo con una multitudinaria marcha en las calles.<\/p>\n\n\n\n<p>Sin embargo la avanzada del Congreso frente a la motosierra de Milei no termin\u00f3 el mi\u00e9rcoles, sino que&nbsp;<strong>seguir\u00e1 este jueves en el Senado cuando los representantes de las provincias buscar\u00e1n sostener la Ley de Reparto Autom\u00e1tico de Aportes del Tesoro Nacional (ATN) frente al veto presidencial.<\/strong><\/p>\n\n\n\n<p>La sesi\u00f3n en la C\u00e1mara Alta comenzar\u00e1 este jueves a las 11 con el objetivo de voltear el veto de Milei y de sancionar la Ley Nicol\u00e1s (creada como consecuencia de la muerte de\u00a0<strong>Nicol\u00e1s Deanna<\/strong>) que ya fue aprobada por la C\u00e1mara de Diputados en diciembre de 2023.<\/p>\n\n\n\n<p>Adem\u00e1s, se agregar\u00e1n al temario del d\u00eda dos proyectos m\u00e1s: uno que vuelve ley el Sistema de Alerta Sof\u00eda, creado durante la presidencia de&nbsp;<strong>Mauricio Macri,<\/strong>&nbsp;y otro que aumenta las penas para accidentes viales, de acuerdo a lo que se decidi\u00f3 el 16 de septiembre en una reuni\u00f3n de Labor Parlamentaria encabezada por<strong>&nbsp;Bartolom\u00e9 Abdala<\/strong>, presidente Provisional del Senado, mientras&nbsp;<strong>Victoria Villarruel&nbsp;<\/strong>encabezaba el Ejecutivo por el viaje a Paraguay de Milei.<\/p>\n\n\n\n<p>Los senadores van contra el veto de Milei en momentos en los que el mandatario, en medio de la debacle electoral en provincia de Buenos Aires y de cara a las Legislativas del 26 de octubre pr\u00f3ximo, busca reconstruir los mismos puentes con los gobernadores que \u00e9l mismo se encarg\u00f3 de derrumbar.<\/p>\n\n\n\n<p>Fueron precisamente los gobernadores los que promovieron el proyecto de reparto autom\u00e1tico de los ATN frente al ahogo financiero al que los somete el gobierno nacional. La iniciativa fue aprobada por 56 fotos afirmativos en el Senado gracias a la ausencia de los legisladores libertarios y todos aquellos que dependen de los mandatarios provinciales aliados a La Libertad Avanza.<\/p>\n","protected":false},"excerpt":{"rendered":"<p>El presidente&nbsp;Javier Milei&nbsp;est\u00e1 a las puertas de sufrir nuevas y resonantes derrotas en la Naci\u00f3n. Diputados rechaz\u00f3 este mi\u00e9rcoles los vetos libertarios a las leyes de Financiamiento Universitario y Emergencia en Pediatr\u00eda en simult\u00e1neo con una multitudinaria marcha en las calles. Sin embargo la avanzada del Congreso frente a la motosierra de Milei no termin\u00f3 [&hellip;]<\/p>\n","protected":false},"author":1,"featured_media":2605,"comment_status":"open","ping_status":"open","sticky":false,"template":"","format":"standard","meta":{"footnotes":""},"categories":[1],"tags":[],"class_list":["post-2602","post","type-post","status-publish","format-standard","has-post-thumbnail","hentry","category-politica"],"_links":{"self":[{"href":"https:\/\/laestaciononline.com.ar\/index.php?rest_route=\/wp\/v2\/posts\/2602","targetHints":{"allow":["GET"]}}],"collection":[{"href":"https:\/\/laestaciononline.com.ar\/index.php?rest_route=\/wp\/v2\/posts"}],"about":[{"href":"https:\/\/laestaciononline.com.ar\/index.php?rest_route=\/wp\/v2\/types\/post"}],"author":[{"embeddable":true,"href":"https:\/\/laestaciononline.com.ar\/index.php?rest_route=\/wp\/v2\/users\/1"}],"replies":[{"embeddable":true,"href":"https:\/\/laestaciononline.com.ar\/index.php?rest_route=%2Fwp%2Fv2%2Fcomments&post=2602"}],"version-history":[{"count":2,"href":"https:\/\/laestaciononline.com.ar\/index.php?rest_route=\/wp\/v2\/posts\/2602\/revisions"}],"predecessor-version":[{"id":2604,"href":"https:\/\/laestaciononline.com.ar\/index.php?rest_route=\/wp\/v2\/posts\/2602\/revisions\/2604"}],"wp:featuredmedia":[{"embeddable":true,"href":"https:\/\/laestaciononline.com.ar\/index.php?rest_route=\/wp\/v2\/media\/2605"}],"wp:attachment":[{"href":"https:\/\/laestaciononline.com.ar\/index.php?rest_route=%2Fwp%2Fv2%2Fmedia&parent=2602"}],"wp:term":[{"taxonomy":"category","embeddable":true,"href":"https:\/\/laestaciononline.com.ar\/index.php?rest_route=%2Fwp%2Fv2%2Fcategories&post=2602"},{"taxonomy":"post_tag","embeddable":true,"href":"https:\/\/laestaciononline.com.ar\/index.php?rest_route=%2Fwp%2Fv2%2Ftags&post=2602"}],"curies":[{"name":"wp","href":"https:\/\/api.w.org\/{rel}","templated":true}]}}