{"id":2617,"date":"2025-09-19T13:16:17","date_gmt":"2025-09-19T13:16:17","guid":{"rendered":"https:\/\/laestaciononline.com.ar\/?p=2617"},"modified":"2025-09-19T13:16:17","modified_gmt":"2025-09-19T13:16:17","slug":"la-provincia-sanciono-una-ley-que-regula-el-uso-de-pantallas-en-escuelas-primarias","status":"publish","type":"post","link":"https:\/\/laestaciononline.com.ar\/?p=2617","title":{"rendered":"La Provincia sancion\u00f3 una ley que regula el uso de pantallas en escuelas primarias"},"content":{"rendered":"\n<p>La C\u00e1mara de Diputados de la Provincia de Buenos Aires aprob\u00f3 una iniciativa que controla c\u00f3mo se utilizan las pantallas en las escuelas primarias, con el objetivo de reducir distracciones, proteger la atenci\u00f3n de los alumnos y fomentar un uso responsable de la tecnolog\u00eda desde los primeros a\u00f1os.<\/p>\n\n\n\n<h4 class=\"wp-block-heading\">Qu\u00e9 establece la ley<\/h4>\n\n\n\n<ul class=\"wp-block-list\">\n<li>Promueve campa\u00f1as educativas dirigidas a familias y comunidades escolares para explicar los efectos nocivos de la exposici\u00f3n excesiva a dispositivos electr\u00f3nicos en ni\u00f1os\/as de hasta 12 a\u00f1os. <\/li>\n\n\n\n<li>No se proh\u00edbe la tecnolog\u00eda, sino que se regula su uso para que sirva como herramienta pedag\u00f3gica y no como fuente de distracci\u00f3n. <\/li>\n\n\n\n<li>Se busca mejorar la calidad educativa, reforzar la concentraci\u00f3n, el aprendizaje, as\u00ed como el desarrollo emocional y del lenguaje de los estudiantes. <\/li>\n<\/ul>\n\n\n\n<h4 class=\"wp-block-heading\">Antecedentes y datos preocupantes<\/h4>\n\n\n\n<ul class=\"wp-block-list\">\n<li>Seg\u00fan PISA 2024, m\u00e1s de la mitad de los estudiantes de 15 a\u00f1os admite que suele perder la concentraci\u00f3n en clase por su propio celular o el de sus compa\u00f1eros. <\/li>\n\n\n\n<li>En Buenos Aires, un 54 % de los alumnos reconocen que se distraen durante las clases debido al uso de dispositivos electr\u00f3nicos.<\/li>\n\n\n\n<li>Los resultados del Operativo Aprender 2024 muestran que m\u00e1s de la mitad de los estudiantes se ubica por debajo del nivel b\u00e1sico en Matem\u00e1tica, algo que \u2014seg\u00fan la ley\u2014 evidencia la urgencia de reducir factores de distracci\u00f3n en el aula. <\/li>\n<\/ul>\n\n\n\n<h4 class=\"wp-block-heading\">Lo que se viene para secundaria<\/h4>\n\n\n\n<p>Aunque la nueva ley apunta al nivel primario, existe otro proyecto presentado por el diputado Mart\u00edn Rozas que propone l\u00edmites similares para las escuelas secundarias. Este proyecto plantea que los celulares solo puedan usarse cuando formen parte de un proyecto pedag\u00f3gico, est\u00e9n autorizados por la escuela, est\u00e9n incluidos en el dise\u00f1o curricular, o formen parte de la planificaci\u00f3n de contenidos. <\/p>\n","protected":false},"excerpt":{"rendered":"<p>La C\u00e1mara de Diputados de la Provincia de Buenos Aires aprob\u00f3 una iniciativa que controla c\u00f3mo se utilizan las pantallas en las escuelas primarias, con el objetivo de reducir distracciones, proteger la atenci\u00f3n de los alumnos y fomentar un uso responsable de la tecnolog\u00eda desde los primeros a\u00f1os. Qu\u00e9 establece la ley Antecedentes y datos [&hellip;]<\/p>\n","protected":false},"author":1,"featured_media":0,"comment_status":"open","ping_status":"open","sticky":false,"template":"","format":"standard","meta":{"footnotes":""},"categories":[1],"tags":[],"class_list":["post-2617","post","type-post","status-publish","format-standard","hentry","category-politica"],"_links":{"self":[{"href":"https:\/\/laestaciononline.com.ar\/index.php?rest_route=\/wp\/v2\/posts\/2617","targetHints":{"allow":["GET"]}}],"collection":[{"href":"https:\/\/laestaciononline.com.ar\/index.php?rest_route=\/wp\/v2\/posts"}],"about":[{"href":"https:\/\/laestaciononline.com.ar\/index.php?rest_route=\/wp\/v2\/types\/post"}],"author":[{"embeddable":true,"href":"https:\/\/laestaciononline.com.ar\/index.php?rest_route=\/wp\/v2\/users\/1"}],"replies":[{"embeddable":true,"href":"https:\/\/laestaciononline.com.ar\/index.php?rest_route=%2Fwp%2Fv2%2Fcomments&post=2617"}],"version-history":[{"count":1,"href":"https:\/\/laestaciononline.com.ar\/index.php?rest_route=\/wp\/v2\/posts\/2617\/revisions"}],"predecessor-version":[{"id":2618,"href":"https:\/\/laestaciononline.com.ar\/index.php?rest_route=\/wp\/v2\/posts\/2617\/revisions\/2618"}],"wp:attachment":[{"href":"https:\/\/laestaciononline.com.ar\/index.php?rest_route=%2Fwp%2Fv2%2Fmedia&parent=2617"}],"wp:term":[{"taxonomy":"category","embeddable":true,"href":"https:\/\/laestaciononline.com.ar\/index.php?rest_route=%2Fwp%2Fv2%2Fcategories&post=2617"},{"taxonomy":"post_tag","embeddable":true,"href":"https:\/\/laestaciononline.com.ar\/index.php?rest_route=%2Fwp%2Fv2%2Ftags&post=2617"}],"curies":[{"name":"wp","href":"https:\/\/api.w.org\/{rel}","templated":true}]}}