{"id":2619,"date":"2025-09-19T22:55:46","date_gmt":"2025-09-19T22:55:46","guid":{"rendered":"https:\/\/laestaciononline.com.ar\/?p=2619"},"modified":"2025-09-19T22:55:46","modified_gmt":"2025-09-19T22:55:46","slug":"cascallares-recorrio-con-kicillof-la-autopista-presidente-peron-abandonada-por-nacion","status":"publish","type":"post","link":"https:\/\/laestaciononline.com.ar\/?p=2619","title":{"rendered":"Cascallares recorri\u00f3 con Kicillof la autopista Presidente Per\u00f3n abandonada por naci\u00f3n"},"content":{"rendered":"\n<p><\/p>\n\n\n\n<p>El intendente de Almirante Brown, Mariano Cascallares, acompa\u00f1\u00f3 este viernes al gobernador bonaerense Axel Kicillof y al primer candidato a diputado nacional de Fuerza Patria, Jorge Taiana, en una recorrida por la obra abandonada por el Gobierno Nacional en la autopista Presidente Per\u00f3n, que consta de 83 kil\u00f3metros en total, de los cuales hasta fines del 2023 se hab\u00edan construido 52.<\/p>\n\n\n\n<p>Se trata de una obra estrat\u00e9gica que abarca a doce municipios y busca mejorar el tr\u00e1nsito urbano, la conectividad y la seguridad vial de doce millones de personas en nuestra regi\u00f3n.<\/p>\n\n\n\n<p>En ese marco, el Gobernador destac\u00f3: \u201cLa obra inconclusa de la Autopista Presidente Per\u00f3n es la imagen de la deserci\u00f3n del Gobierno Nacional. En m\u00faltiples oportunidades hemos reclamado a las autoridades nacionales que se nos permita realizar un trabajo conjunto para finalizar y mantener la traza, pero a\u00fan seguimos sin respuesta\u201d.<\/p>\n\n\n\n<p>Por \u00faltimo, Kicillof remarc\u00f3 que \u201cya dimos el primer paso en septiembre y ahora debemos dar otro mensaje muy importante en octubre\u201d. \u201cVamos a ponerle un freno a Milei si contamos con diputados y diputadas que representen y defiendan los derechos de los y las bonaerenses en el Congreso nacional; y eso se logra eligiendo la boleta de Fuerza Patria\u201d, concluy\u00f3.<\/p>\n\n\n\n<p>Estuvieron presentes tambi\u00e9n en la recorrida los intendentes de Ezeiza, Gast\u00f3n Granados; y de San Vicente, Nicol\u00e1s Mantegazza; los diputados nacionales Daniel Gollan y Victoria Tolosa Paz; la dirigente Fernanda Mi\u00f1o, el subsecretario de Econom\u00eda Popular, Daniel Men\u00e9ndez; funcionarios provinciales y de los municipios de nuestra regi\u00f3n.<\/p>\n","protected":false},"excerpt":{"rendered":"<p>El intendente de Almirante Brown, Mariano Cascallares, acompa\u00f1\u00f3 este viernes al gobernador bonaerense Axel Kicillof y al primer candidato a diputado nacional de Fuerza Patria, Jorge Taiana, en una recorrida por la obra abandonada por el Gobierno Nacional en la autopista Presidente Per\u00f3n, que consta de 83 kil\u00f3metros en total, de los cuales hasta fines [&hellip;]<\/p>\n","protected":false},"author":1,"featured_media":2620,"comment_status":"open","ping_status":"open","sticky":false,"template":"","format":"standard","meta":{"footnotes":""},"categories":[1],"tags":[],"class_list":["post-2619","post","type-post","status-publish","format-standard","has-post-thumbnail","hentry","category-politica"],"_links":{"self":[{"href":"https:\/\/laestaciononline.com.ar\/index.php?rest_route=\/wp\/v2\/posts\/2619","targetHints":{"allow":["GET"]}}],"collection":[{"href":"https:\/\/laestaciononline.com.ar\/index.php?rest_route=\/wp\/v2\/posts"}],"about":[{"href":"https:\/\/laestaciononline.com.ar\/index.php?rest_route=\/wp\/v2\/types\/post"}],"author":[{"embeddable":true,"href":"https:\/\/laestaciononline.com.ar\/index.php?rest_route=\/wp\/v2\/users\/1"}],"replies":[{"embeddable":true,"href":"https:\/\/laestaciononline.com.ar\/index.php?rest_route=%2Fwp%2Fv2%2Fcomments&post=2619"}],"version-history":[{"count":1,"href":"https:\/\/laestaciononline.com.ar\/index.php?rest_route=\/wp\/v2\/posts\/2619\/revisions"}],"predecessor-version":[{"id":2621,"href":"https:\/\/laestaciononline.com.ar\/index.php?rest_route=\/wp\/v2\/posts\/2619\/revisions\/2621"}],"wp:featuredmedia":[{"embeddable":true,"href":"https:\/\/laestaciononline.com.ar\/index.php?rest_route=\/wp\/v2\/media\/2620"}],"wp:attachment":[{"href":"https:\/\/laestaciononline.com.ar\/index.php?rest_route=%2Fwp%2Fv2%2Fmedia&parent=2619"}],"wp:term":[{"taxonomy":"category","embeddable":true,"href":"https:\/\/laestaciononline.com.ar\/index.php?rest_route=%2Fwp%2Fv2%2Fcategories&post=2619"},{"taxonomy":"post_tag","embeddable":true,"href":"https:\/\/laestaciononline.com.ar\/index.php?rest_route=%2Fwp%2Fv2%2Ftags&post=2619"}],"curies":[{"name":"wp","href":"https:\/\/api.w.org\/{rel}","templated":true}]}}