{"id":2637,"date":"2025-09-23T11:28:46","date_gmt":"2025-09-23T11:28:46","guid":{"rendered":"https:\/\/laestaciononline.com.ar\/?p=2637"},"modified":"2025-09-23T11:28:58","modified_gmt":"2025-09-23T11:28:58","slug":"comenzo-a-funcionar-el-tren-que-une-chascomus-con-alejandro-korn-recorrido-tarifas-y-frecuencia","status":"publish","type":"post","link":"https:\/\/laestaciononline.com.ar\/?p=2637","title":{"rendered":"Comenz\u00f3 a funcionar el tren que une Chascom\u00fas con Alejandro Korn: recorrido, tarifas y frecuencia"},"content":{"rendered":"\n<p>Desde\u00a0<strong>Trenes Argentinos<\/strong>confirmaron en sus redes sociales el regreso de la formaci\u00f3n que une\u00a0<strong>Alejandro Korn<\/strong>\u00a0con\u00a0<strong>Chascom\u00fas<\/strong>, un servicio muy esperado por los usuarios de la regi\u00f3n.<\/p>\n\n\n\n<p>La\u00a0<strong>L\u00ednea Roca<\/strong>\u00a0volvi\u00f3 a detenerse en el municipio de Chascom\u00fas, con paradas intermedias en\u00a0<strong>Jeppener, Altamirano y G\u00e1ndara<\/strong>. Cabe mencionar que el servicio funcionar\u00e1 con salida y llegada a\u00a0<strong>Chascom\u00fas<\/strong>\u00a0de\u00a0<strong>lunes a domingos<\/strong>, incluyendo un\u00a0<strong>cronograma especial para los d\u00edas feriado.<\/strong><\/p>\n\n\n\n<p>Este restablecimiento significa un avance en la conectividad regional, ofreciendo una&nbsp;<strong>alternativa econ\u00f3mica y segura al transporte automotor<\/strong>, con beneficios para trabajadores, estudiantes y turistas que se trasladan en el corredor sur de la provincia de Buenos Aires.<\/p>\n\n\n\n<h2 class=\"wp-block-heading\">Trenes a Chascom\u00fas desde Alejandro Korn: horarios del servicio<\/h2>\n\n\n\n<h3 class=\"wp-block-heading\">Lunes a viernes<\/h3>\n\n\n\n<p><strong>Trenes a Chascom\u00fas<\/strong><\/p>\n\n\n\n<ul class=\"wp-block-list\">\n<li>Tren 801: 06:00 (A. Korn) \u2013 07:28 (Chascom\u00fas)<\/li>\n\n\n\n<li>Tren 803: 10:08 (A. Korn) \u2013 11:36 (Chascom\u00fas)<\/li>\n\n\n\n<li>Tren 805: 14:15 (A. Korn) \u2013 15:43 (Chascom\u00fas)<\/li>\n\n\n\n<li>Tren 807: 18:32 (A. Korn) \u2013 20:00 (Chascom\u00fas)<\/li>\n<\/ul>\n\n\n\n<p><strong>Trenes a Alejandro Korn<\/strong><\/p>\n\n\n\n<ul class=\"wp-block-list\">\n<li>Tren 802: 07:51 (Chascom\u00fas) \u2013 09:40 (A. Korn)<\/li>\n\n\n\n<li>Tren 804: 12:01 (Chascom\u00fas) \u2013 13:50 (A. Korn)<\/li>\n\n\n\n<li>Tren 806: 16:15 (Chascom\u00fas) \u2013 18:04 (A. Korn)<\/li>\n\n\n\n<li>Tren 808: 20:36 (Chascom\u00fas) \u2013 22:25 (A. Korn)<\/li>\n<\/ul>\n\n\n\n<figure class=\"wp-block-image\"><img decoding=\"async\" src=\"https:\/\/www.canal26.com\/resizer\/v2\/MLFCHFKOZBH5TOJO2AVZQJL3AE.jpg?auth=e7d565b3b558511dbe84746c834b6484c060be86a004b706344b94c62872e991&amp;smart=true&amp;width=950&amp;height=713&amp;quality=70\" alt=\"\"\/><figcaption class=\"wp-element-caption\">Trenes Argentinos.&nbsp;Foto: NA<\/figcaption><\/figure>\n\n\n\n<h3 class=\"wp-block-heading\">S\u00e1bados<\/h3>\n\n\n\n<p><strong>Trenes a Chascom\u00fas<\/strong><\/p>\n\n\n\n<ul class=\"wp-block-list\">\n<li>Tren 801: 06:00 (A. Korn) \u2013 07:28 (Chascom\u00fas)<\/li>\n\n\n\n<li>Tren 803: 10:00 (A. Korn) \u2013 11:28 (Chascom\u00fas)<\/li>\n\n\n\n<li>Tren 805: 14:04 (A. Korn) \u2013 15:32 (Chascom\u00fas)<\/li>\n\n\n\n<li>Tren 807: 18:04 (A. Korn) \u2013 19:34 (Chascom\u00fas)<\/li>\n<\/ul>\n\n\n\n<p><strong>Trenes a Alejandro Korn<\/strong><\/p>\n\n\n\n<ul class=\"wp-block-list\">\n<li>Tren 802: 07:53 (Chascom\u00fas) \u2013 09:42 (A. Korn)<\/li>\n\n\n\n<li>Tren 804: 11:57 (Chascom\u00fas) \u2013 13:46 (A. Korn)<\/li>\n\n\n\n<li>Tren 806: 15:59 (Chascom\u00fas) \u2013 17:48 (A. Korn)<\/li>\n\n\n\n<li>Tren 808: 19:57 (Chascom\u00fas) \u2013 21:46 (A. Korn)<\/li>\n<\/ul>\n\n\n\n<p>En el caso de los domingos y los&nbsp;<strong>d\u00edas feriado<\/strong>, el cronograma var\u00eda un poco, constituy\u00e9ndose de la siguiente forma:<\/p>\n\n\n\n<h3 class=\"wp-block-heading\">Domingos y feriados<\/h3>\n\n\n\n<p><strong>Trenes a Chascom\u00fas<\/strong><\/p>\n\n\n\n<ul class=\"wp-block-list\">\n<li>Tren 801: 06:07 (A. Korn) \u2013 07:35 (Chascom\u00fas)<\/li>\n\n\n\n<li>Tren 803: 10:07 (A. Korn) \u2013 11:35 (Chascom\u00fas)<\/li>\n\n\n\n<li>Tren 805: 14:08 (A. Korn) \u2013 15:36 (Chascom\u00fas)<\/li>\n\n\n\n<li>Tren 807: 18:08 (A. Korn) \u2013 19:36 (Chascom\u00fas)<\/li>\n<\/ul>\n\n\n\n<p><strong>Trenes a Alejandro Korn<\/strong><\/p>\n\n\n\n<ul class=\"wp-block-list\">\n<li>Tren 802: 08:00 (Chascom\u00fas) \u2013 09:49 (A. Korn)<\/li>\n\n\n\n<li>Tren 804: 12:00 (Chascom\u00fas) \u2013 13:49 (A. Korn)<\/li>\n\n\n\n<li>Tren 806: 16:01 (Chascom\u00fas) \u2013 17:50 (A. Korn)<\/li>\n\n\n\n<li>Tren 808: 19:59 (Chascom\u00fas) \u2013 21:48 (A. Korn)<\/li>\n<\/ul>\n\n\n\n<h2 class=\"wp-block-heading\">Costo del pasaje<\/h2>\n\n\n\n<p>El valor del pasaje var\u00eda seg\u00fan el destino. Actualmente, el boleto m\u00ednimo desde&nbsp;<strong>Alejandro Korn hasta Chascom\u00fas<\/strong>&nbsp;tiene un costo de&nbsp;<strong>$1.120,00.<\/strong><\/p>\n\n\n\n<figure class=\"wp-block-image\"><img decoding=\"async\" src=\"https:\/\/www.canal26.com\/resizer\/v2\/NSYTJPVKCBB7JCSYEIQLYQNCOE.JPG?auth=37b3c7fc6f0ecc2a70726a94fd50eb92ba47f441382a732ea122a4ecd4cda4fb&amp;smart=true&amp;width=950&amp;height=395&amp;quality=70\" alt=\"\"\/><figcaption class=\"wp-element-caption\">Tarifas con SUBE para el tren que conecta Alejandro Korn con Chascom\u00fas.&nbsp;Foto: Trenes Argentinos.<\/figcaption><\/figure>\n\n\n\n<p>Los precios&nbsp;<strong>se actualizan de acuerdo con las tarifas oficiales de Trenes Argentinos<\/strong>&nbsp;y pueden consultarse en boleter\u00edas o a trav\u00e9s de los canales digitales de la empresa.<\/p>\n","protected":false},"excerpt":{"rendered":"<p>Desde\u00a0Trenes Argentinosconfirmaron en sus redes sociales el regreso de la formaci\u00f3n que une\u00a0Alejandro Korn\u00a0con\u00a0Chascom\u00fas, un servicio muy esperado por los usuarios de la regi\u00f3n. La\u00a0L\u00ednea Roca\u00a0volvi\u00f3 a detenerse en el municipio de Chascom\u00fas, con paradas intermedias en\u00a0Jeppener, Altamirano y G\u00e1ndara. Cabe mencionar que el servicio funcionar\u00e1 con salida y llegada a\u00a0Chascom\u00fas\u00a0de\u00a0lunes a domingos, incluyendo un\u00a0cronograma [&hellip;]<\/p>\n","protected":false},"author":1,"featured_media":500,"comment_status":"open","ping_status":"open","sticky":false,"template":"","format":"standard","meta":{"footnotes":""},"categories":[1],"tags":[],"class_list":["post-2637","post","type-post","status-publish","format-standard","has-post-thumbnail","hentry","category-politica"],"_links":{"self":[{"href":"https:\/\/laestaciononline.com.ar\/index.php?rest_route=\/wp\/v2\/posts\/2637","targetHints":{"allow":["GET"]}}],"collection":[{"href":"https:\/\/laestaciononline.com.ar\/index.php?rest_route=\/wp\/v2\/posts"}],"about":[{"href":"https:\/\/laestaciononline.com.ar\/index.php?rest_route=\/wp\/v2\/types\/post"}],"author":[{"embeddable":true,"href":"https:\/\/laestaciononline.com.ar\/index.php?rest_route=\/wp\/v2\/users\/1"}],"replies":[{"embeddable":true,"href":"https:\/\/laestaciononline.com.ar\/index.php?rest_route=%2Fwp%2Fv2%2Fcomments&post=2637"}],"version-history":[{"count":1,"href":"https:\/\/laestaciononline.com.ar\/index.php?rest_route=\/wp\/v2\/posts\/2637\/revisions"}],"predecessor-version":[{"id":2638,"href":"https:\/\/laestaciononline.com.ar\/index.php?rest_route=\/wp\/v2\/posts\/2637\/revisions\/2638"}],"wp:featuredmedia":[{"embeddable":true,"href":"https:\/\/laestaciononline.com.ar\/index.php?rest_route=\/wp\/v2\/media\/500"}],"wp:attachment":[{"href":"https:\/\/laestaciononline.com.ar\/index.php?rest_route=%2Fwp%2Fv2%2Fmedia&parent=2637"}],"wp:term":[{"taxonomy":"category","embeddable":true,"href":"https:\/\/laestaciononline.com.ar\/index.php?rest_route=%2Fwp%2Fv2%2Fcategories&post=2637"},{"taxonomy":"post_tag","embeddable":true,"href":"https:\/\/laestaciononline.com.ar\/index.php?rest_route=%2Fwp%2Fv2%2Ftags&post=2637"}],"curies":[{"name":"wp","href":"https:\/\/api.w.org\/{rel}","templated":true}]}}