{"id":2639,"date":"2025-09-23T11:35:12","date_gmt":"2025-09-23T11:35:12","guid":{"rendered":"https:\/\/laestaciononline.com.ar\/?p=2639"},"modified":"2025-09-23T11:37:31","modified_gmt":"2025-09-23T11:37:31","slug":"cascallares-celebro-con-los-adultos-mayores-dia-del-jubilado-y-la-llegada-de-la-primavera","status":"publish","type":"post","link":"https:\/\/laestaciononline.com.ar\/?p=2639","title":{"rendered":"Cascallares celebr\u00f3 con los adultos mayores D\u00eda del Jubilado y la llegada de la primavera"},"content":{"rendered":"\n<p><\/p>\n\n\n\n<p>El intendente de Almirante Brown, Mariano Cascallares, celebr\u00f3 junto a adultos mayores de nuestro distrito el D\u00eda del Jubilado y la llegada de la Primavera en una distendida actividad realizada en el Polideportivo de Ministro Rivadavia.<\/p>\n\n\n\n<p>La jornada se llev\u00f3 adelante en el establecimiento ubicado en las calles Camilo Quiroga y 25 de Mayo, donde el jefe comunal comparti\u00f3 un encuentro con vecinos y vecinas de la tercera edad que practican nataci\u00f3n y aquagym en el lugar.<\/p>\n\n\n\n<p>\u201cEn medio de los saludos y los encuentros de una jornada muy emotiva, celebramos junto a nuestros queridos adultos mayores la llegada de la primavera y el D\u00eda del Jubilado\u201d, sostuvo Mariano Cascallares.<\/p>\n\n\n\n<p>En este marco, durante la actividad se realizaron exhibiciones recreativas y actividades l\u00fadicas especialmente pensadas para promover la integraci\u00f3n, la vida activa y el bienestar de los adultos mayores.<\/p>\n\n\n\n<p>Estuvieron presentes tambi\u00e9n el presidente del Instituto del Deporte, Mauricio G\u00f3mez; la asesora Lorena Stazzonelli; el director de Deporte Adaptado, Gustavo Borro; la coordinadora general de Adultos Mayores, Matilde Maciel; y el coordinador de Deporte para Adultos Mayores, Leonardo Abad.<\/p>\n","protected":false},"excerpt":{"rendered":"<p>El intendente de Almirante Brown, Mariano Cascallares, celebr\u00f3 junto a adultos mayores de nuestro distrito el D\u00eda del Jubilado y la llegada de la Primavera en una distendida actividad realizada en el Polideportivo de Ministro Rivadavia. La jornada se llev\u00f3 adelante en el establecimiento ubicado en las calles Camilo Quiroga y 25 de Mayo, donde [&hellip;]<\/p>\n","protected":false},"author":1,"featured_media":2641,"comment_status":"open","ping_status":"open","sticky":false,"template":"","format":"standard","meta":{"footnotes":""},"categories":[1],"tags":[],"class_list":["post-2639","post","type-post","status-publish","format-standard","has-post-thumbnail","hentry","category-politica"],"_links":{"self":[{"href":"https:\/\/laestaciononline.com.ar\/index.php?rest_route=\/wp\/v2\/posts\/2639","targetHints":{"allow":["GET"]}}],"collection":[{"href":"https:\/\/laestaciononline.com.ar\/index.php?rest_route=\/wp\/v2\/posts"}],"about":[{"href":"https:\/\/laestaciononline.com.ar\/index.php?rest_route=\/wp\/v2\/types\/post"}],"author":[{"embeddable":true,"href":"https:\/\/laestaciononline.com.ar\/index.php?rest_route=\/wp\/v2\/users\/1"}],"replies":[{"embeddable":true,"href":"https:\/\/laestaciononline.com.ar\/index.php?rest_route=%2Fwp%2Fv2%2Fcomments&post=2639"}],"version-history":[{"count":2,"href":"https:\/\/laestaciononline.com.ar\/index.php?rest_route=\/wp\/v2\/posts\/2639\/revisions"}],"predecessor-version":[{"id":2642,"href":"https:\/\/laestaciononline.com.ar\/index.php?rest_route=\/wp\/v2\/posts\/2639\/revisions\/2642"}],"wp:featuredmedia":[{"embeddable":true,"href":"https:\/\/laestaciononline.com.ar\/index.php?rest_route=\/wp\/v2\/media\/2641"}],"wp:attachment":[{"href":"https:\/\/laestaciononline.com.ar\/index.php?rest_route=%2Fwp%2Fv2%2Fmedia&parent=2639"}],"wp:term":[{"taxonomy":"category","embeddable":true,"href":"https:\/\/laestaciononline.com.ar\/index.php?rest_route=%2Fwp%2Fv2%2Fcategories&post=2639"},{"taxonomy":"post_tag","embeddable":true,"href":"https:\/\/laestaciononline.com.ar\/index.php?rest_route=%2Fwp%2Fv2%2Ftags&post=2639"}],"curies":[{"name":"wp","href":"https:\/\/api.w.org\/{rel}","templated":true}]}}