{"id":2652,"date":"2025-09-24T17:27:14","date_gmt":"2025-09-24T17:27:14","guid":{"rendered":"https:\/\/laestaciononline.com.ar\/?p=2652"},"modified":"2025-09-24T17:27:14","modified_gmt":"2025-09-24T17:27:14","slug":"los-trenes-circulan-a-30-km-h-por-una-medida-de-fuerza-de-maquinistas-hay-demoras-en-todas-las-lineas","status":"publish","type":"post","link":"https:\/\/laestaciononline.com.ar\/?p=2652","title":{"rendered":"Los trenes circulan a 30 km\/h por una medida de fuerza de maquinistas: hay demoras en todas las l\u00edneas"},"content":{"rendered":"\n<p>Por la medida gremial, las formaciones van casi a paso de hombre en reclamo por paritarias y mejoras laborales.<\/p>\n\n\n\n<p>Los&nbsp;<strong>trenes del \u00e1rea metropolitana de Buenos Aires<\/strong>&nbsp;circulan este mi\u00e9rcoles a tan solo 30 kil\u00f3metros por hora debido a una medida de fuerza impulsada por el gremio&nbsp;<strong>La Fraternidad<\/strong>, que agrupa a los maquinistas.<\/p>\n\n\n\n<p>La protesta afecta a las l\u00edneas<strong>&nbsp;Roca, Mitre, San Mart\u00edn, Sarmiento, Urquiza y Belgrano Sur<\/strong>. Desde temprano, las formaciones avanzan casi a paso de hombre, por lo que hay demoras y alteraciones en los horarios habituales de los servicios.<\/p>\n\n\n\n<p>https:\/\/googleads.g.doubleclick.net\/pagead\/ads?client=ca-pub-9601162182442873&#038;output=html&#038;h=280&#038;adk=869843988&#038;adf=1798551830&#038;w=750&#038;fwrn=4&#038;fwrnh=100&#038;lmt=1758734780&#038;num_ads=1&#038;rafmt=1&#038;armr=3&#038;sem=mc&#038;pwprc=1650248347&#038;ad_type=text_image&#038;format=750&#215;280&#038;url=https%3A%2F%2Fwww.diariopopular.com.ar%2Fgeneral%2Flos-trenes-circulan-30-kmh-una-medida-fuerza-maquinistas-hay-demoras-todas-las-lineas-n863437&#038;fwr=0&#038;pra=3&#038;rh=188&#038;rw=750&#038;rpe=1&#038;resp_fmts=3&#038;wgl=1&#038;fa=27&#038;uach=WyJXaW5kb3dzIiwiMTUuMC4wIiwieDg2IiwiIiwiMTQwLjAuNzMzOS4xODUiLG51bGwsMCxudWxsLCI2NCIsW1siQ2hyb21pdW0iLCIxNDAuMC43MzM5LjE4NSJdLFsiTm90PUE_QnJhbmQiLCIyNC4wLjAuMCJdLFsiR29vZ2xlIENocm9tZSIsIjE0MC4wLjczMzkuMTg1Il1dLDBd&#038;abgtt=11&#038;dt=1758734780206&#038;bpp=3&#038;bdt=356&#038;idt=3&#038;shv=r20250922&#038;mjsv=m202509230101&#038;ptt=9&#038;saldr=aa&#038;abxe=1&#038;cookie=ID%3D84ef5df68495d095%3AT%3D1732050898%3ART%3D1758734716%3AS%3DALNI_MZtrFraueb-xdkJX69b6DG1y6grDQ&#038;gpic=UID%3D00000f996914b9f0%3AT%3D1732050898%3ART%3D1758734716%3AS%3DALNI_MZxU94yX5gPzzrQwMPFzSVEzB2nOQ&#038;eo_id_str=ID%3D665779eb906e22f8%3AT%3D1750966099%3ART%3D1758734716%3AS%3DAA-AfjZ2W99Te1dYxvG9RQ3bO-jv&#038;prev_fmts=0x0&#038;nras=2&#038;correlator=6773316321520&#038;frm=20&#038;pv=1&#038;u_tz=-180&#038;u_his=7&#038;u_h=768&#038;u_w=1366&#038;u_ah=720&#038;u_aw=1366&#038;u_cd=24&#038;u_sd=1&#038;dmc=8&#038;adx=106&#038;ady=708&#038;biw=1351&#038;bih=633&#038;scr_x=0&#038;scr_y=0&#038;eid=31094743%2C31094806%2C31094849%2C95344791%2C95368094&#038;oid=2&#038;pvsid=1382389966767308&#038;tmod=801659289&#038;uas=0&#038;nvt=1&#038;ref=https%3A%2F%2Fwww.diariopopular.com.ar%2F&#038;fc=1408&#038;brdim=0%2C0%2C0%2C0%2C1366%2C0%2C1366%2C720%2C1366%2C633&#038;vis=1&#038;rsz=%7C%7Cs%7C&#038;abl=NS&#038;fu=128&#038;bc=31&#038;bz=1&#038;td=1&#038;tdf=2&#038;psd=W251bGwsW251bGwsbnVsbCxudWxsLCJkZXByZWNhdGVkX2thbm9uIl0sImxhYmVsX29ubHlfNSIsMV0.&#038;nt=1&#038;ifi=2&#038;uci=a!2&#038;btvi=1&#038;fsb=1&#038;dtd=10<\/p>\n\n\n\n<p>El origen de la protesta radica en la falta de avances en las negociaciones paritarias y en una serie de reclamos que, de acuerdo con los trabajadores, permanecen sin respuesta.<\/p>\n\n\n\n<p><strong>La Fraternidad<\/strong>&nbsp;denunci\u00f3 la ausencia de una propuesta superadora en las discusiones salariales, as\u00ed como deficiencias en el servicio de la ART, al que calificaron de \u201c<strong>deplorable e insuficiente<\/strong>\u201d.<\/p>\n\n\n\n<p>Desde Trenes Argentinos&nbsp;<strong>no se inform\u00f3 oficialmente la medida y<\/strong>&nbsp;l<strong>os carteles en las estaciones no informan las demoras<\/strong>, solo los operarios que van diciendo, a viva voz, que el servicio est\u00e1 demorado por una medida gremial.<\/p>\n","protected":false},"excerpt":{"rendered":"<p>Por la medida gremial, las formaciones van casi a paso de hombre en reclamo por paritarias y mejoras laborales. Los&nbsp;trenes del \u00e1rea metropolitana de Buenos Aires&nbsp;circulan este mi\u00e9rcoles a tan solo 30 kil\u00f3metros por hora debido a una medida de fuerza impulsada por el gremio&nbsp;La Fraternidad, que agrupa a los maquinistas. La protesta afecta a [&hellip;]<\/p>\n","protected":false},"author":1,"featured_media":2653,"comment_status":"open","ping_status":"open","sticky":false,"template":"","format":"standard","meta":{"footnotes":""},"categories":[1],"tags":[],"class_list":["post-2652","post","type-post","status-publish","format-standard","has-post-thumbnail","hentry","category-politica"],"_links":{"self":[{"href":"https:\/\/laestaciononline.com.ar\/index.php?rest_route=\/wp\/v2\/posts\/2652","targetHints":{"allow":["GET"]}}],"collection":[{"href":"https:\/\/laestaciononline.com.ar\/index.php?rest_route=\/wp\/v2\/posts"}],"about":[{"href":"https:\/\/laestaciononline.com.ar\/index.php?rest_route=\/wp\/v2\/types\/post"}],"author":[{"embeddable":true,"href":"https:\/\/laestaciononline.com.ar\/index.php?rest_route=\/wp\/v2\/users\/1"}],"replies":[{"embeddable":true,"href":"https:\/\/laestaciononline.com.ar\/index.php?rest_route=%2Fwp%2Fv2%2Fcomments&post=2652"}],"version-history":[{"count":1,"href":"https:\/\/laestaciononline.com.ar\/index.php?rest_route=\/wp\/v2\/posts\/2652\/revisions"}],"predecessor-version":[{"id":2654,"href":"https:\/\/laestaciononline.com.ar\/index.php?rest_route=\/wp\/v2\/posts\/2652\/revisions\/2654"}],"wp:featuredmedia":[{"embeddable":true,"href":"https:\/\/laestaciononline.com.ar\/index.php?rest_route=\/wp\/v2\/media\/2653"}],"wp:attachment":[{"href":"https:\/\/laestaciononline.com.ar\/index.php?rest_route=%2Fwp%2Fv2%2Fmedia&parent=2652"}],"wp:term":[{"taxonomy":"category","embeddable":true,"href":"https:\/\/laestaciononline.com.ar\/index.php?rest_route=%2Fwp%2Fv2%2Fcategories&post=2652"},{"taxonomy":"post_tag","embeddable":true,"href":"https:\/\/laestaciononline.com.ar\/index.php?rest_route=%2Fwp%2Fv2%2Ftags&post=2652"}],"curies":[{"name":"wp","href":"https:\/\/api.w.org\/{rel}","templated":true}]}}