{"id":2660,"date":"2025-09-26T13:13:27","date_gmt":"2025-09-26T13:13:27","guid":{"rendered":"https:\/\/laestaciononline.com.ar\/?p=2660"},"modified":"2025-09-26T13:40:13","modified_gmt":"2025-09-26T13:40:13","slug":"brown-fue-sede-del-7-encuentro-por-la-identidad-y-los-derechos-de-las-personas-sordas","status":"publish","type":"post","link":"https:\/\/laestaciononline.com.ar\/?p=2660","title":{"rendered":"Brown fue sede del 7\u00b0 encuentro por la identidad y los Derechos de las Personas Sordas"},"content":{"rendered":"\n<h5 class=\"wp-block-heading\"><br>En el D\u00eda Nacional de las Personas Sordas, el intendente de Almirante Brown, Mariano Cascallares, particip\u00f3 este jueves 25 de septiembre del S\u00e9ptimo Encuentro del \u201cD\u00eda de las Personas Sordas 2025 \u2013 Nuestro Legado\u201d, una jornada de alcance provincial que se realiz\u00f3 en el Polideportivo Municipal de Ministro Rivadavia.La actividad, realizada en el establecimiento ubicado en 25 de Mayo y Quiroga, fue organizada por la Escuela de Educaci\u00f3n Especial N\u00ba 507 \u201cGerm\u00e1n A. Duval\u201d, anfitriona de esta edici\u00f3n, y cont\u00f3 con la presencia de alrededor de 450 alumnos, docentes y referentes de la comunidad sorda.\u201cEs una gran alegr\u00eda que Almirante Brown sea sede de este importante encuentro, siempre con la premisa de avanzar hacia una sociedad m\u00e1s justa, solidaria e inclusiva\u201d, remarc\u00f3 el intendente Mariano Cascallares al respecto.El encuentro reuni\u00f3 a 16 instituciones educativas y asociaciones de las zonas Norte, Oeste y Sur de la Provincia de Buenos Aires, tanto de gesti\u00f3n estatal como privada, con el objetivo de propiciar un espacio de integraci\u00f3n, intercambio de experiencias y fortalecimiento de la identidad de la comunidad sorda.Se realiz\u00f3 en el marco de la \u201cSemana Internacional de las Personas Sordas\u201d, per\u00edodo en el que comunidades de todo el mundo llevan adelante acciones para visibilizar sus derechos y promover su reconocimiento social y cultural.Este a\u00f1o, la propuesta central consisti\u00f3 en una Sala de Escape Educativa con diez postas tem\u00e1ticas, como la lengua de se\u00f1as y los recursos que promueven la autonom\u00eda. Entre las propuestas destacadas se incluyeron tambi\u00e9n paneles con los lemas de la Federaci\u00f3n Mundial de Sordos y de la Semana Internacional de las Personas Sordas, la exposici\u00f3n del Trofeo Itinerante con fotos de sedes anteriores y espacios de di\u00e1logo.Las actividades con postas incluyeron \u201cLaberinto de Obst\u00e1culos\u201d, \u201cDobble Gigante\u201d, \u201cSumate al Club\u201d, \u201cRayuela Dactilol\u00f3gica\u201d, \u201cEl Pa\u00f1uelo Azul\u201d, \u201cExploradores de la Casa Sorda\u201d, \u201cTetris de la Bandera Sorda\u201d, \u201cRostros que hicieron historia\u201d, \u201cSala de Escape\u201d y una propuesta del DJCAS (Departamento Juvenil de la Confederaci\u00f3n Argentina de Sordos).Participaron, en este marco, las Escuelas de Educaci\u00f3n Especial N\u00ba 513 y 517 de La Matanza; N\u00b0502 de Jos\u00e9 C. Paz; N\u00ba 506 de Lomas de Zamora; N\u00ba 506 de Haedo; N\u00ba 503 de Tres de Febrero; N\u00ba 503 de Lan\u00fas; N\u00b0 501 de Ezeiza; N\u00ba 508 de Avellaneda; N\u00ba 502 de Merlo, Escuela Ram\u00f3n Carrillo; N\u00b0502 de Florencio Varela; y la N\u00b0507 de Almirante Brown.\u00a0Tambi\u00e9n el Colegio CAIPAC, la Escuela Diana, CFI n\u00ba1 Adrogu\u00e9, DJCAS, la Asociaci\u00f3n de Sordos del Conurbano Sur, la Asociaci\u00f3n de Sordos de Quilmes, la Asociaci\u00f3n Argentina de Sordociegos y Radio\u00a0Locufre.Finalmente\u00a0dijeron presente el secretario de Educaci\u00f3n, Ciencia y Tecnolog\u00eda, Sergio Pianciola; el presidente del Instituto del Deporte, Mauricio G\u00f3mez y otras autoridades locales que acompa\u00f1aron la jornada.\u00a0\u00a0<\/h5>\n\n\n\n<h5 class=\"wp-block-heading\"><\/h5>\n","protected":false},"excerpt":{"rendered":"<p>En el D\u00eda Nacional de las Personas Sordas, el intendente de Almirante Brown, Mariano Cascallares, particip\u00f3 este jueves 25 de septiembre del S\u00e9ptimo Encuentro del \u201cD\u00eda de las Personas Sordas 2025 \u2013 Nuestro Legado\u201d, una jornada de alcance provincial que se realiz\u00f3 en el Polideportivo Municipal de Ministro Rivadavia.La actividad, realizada en el establecimiento ubicado [&hellip;]<\/p>\n","protected":false},"author":1,"featured_media":2665,"comment_status":"open","ping_status":"open","sticky":false,"template":"","format":"standard","meta":{"footnotes":""},"categories":[1],"tags":[],"class_list":["post-2660","post","type-post","status-publish","format-standard","has-post-thumbnail","hentry","category-politica"],"_links":{"self":[{"href":"https:\/\/laestaciononline.com.ar\/index.php?rest_route=\/wp\/v2\/posts\/2660","targetHints":{"allow":["GET"]}}],"collection":[{"href":"https:\/\/laestaciononline.com.ar\/index.php?rest_route=\/wp\/v2\/posts"}],"about":[{"href":"https:\/\/laestaciononline.com.ar\/index.php?rest_route=\/wp\/v2\/types\/post"}],"author":[{"embeddable":true,"href":"https:\/\/laestaciononline.com.ar\/index.php?rest_route=\/wp\/v2\/users\/1"}],"replies":[{"embeddable":true,"href":"https:\/\/laestaciononline.com.ar\/index.php?rest_route=%2Fwp%2Fv2%2Fcomments&post=2660"}],"version-history":[{"count":2,"href":"https:\/\/laestaciononline.com.ar\/index.php?rest_route=\/wp\/v2\/posts\/2660\/revisions"}],"predecessor-version":[{"id":2663,"href":"https:\/\/laestaciononline.com.ar\/index.php?rest_route=\/wp\/v2\/posts\/2660\/revisions\/2663"}],"wp:featuredmedia":[{"embeddable":true,"href":"https:\/\/laestaciononline.com.ar\/index.php?rest_route=\/wp\/v2\/media\/2665"}],"wp:attachment":[{"href":"https:\/\/laestaciononline.com.ar\/index.php?rest_route=%2Fwp%2Fv2%2Fmedia&parent=2660"}],"wp:term":[{"taxonomy":"category","embeddable":true,"href":"https:\/\/laestaciononline.com.ar\/index.php?rest_route=%2Fwp%2Fv2%2Fcategories&post=2660"},{"taxonomy":"post_tag","embeddable":true,"href":"https:\/\/laestaciononline.com.ar\/index.php?rest_route=%2Fwp%2Fv2%2Ftags&post=2660"}],"curies":[{"name":"wp","href":"https:\/\/api.w.org\/{rel}","templated":true}]}}