{"id":2666,"date":"2025-09-26T13:41:08","date_gmt":"2025-09-26T13:41:08","guid":{"rendered":"https:\/\/laestaciononline.com.ar\/?p=2666"},"modified":"2025-09-26T13:41:45","modified_gmt":"2025-09-26T13:41:45","slug":"el-abogado-de-la-familia-de-lara-denuncio-inoperancia-judicial-por-la-desproteccion-de-la-casa-de-florencio-varela","status":"publish","type":"post","link":"https:\/\/laestaciononline.com.ar\/?p=2666","title":{"rendered":"El abogado de la familia de Lara denunci\u00f3 inoperancia judicial por la desprotecci\u00f3n de la casa de Florencio Varela"},"content":{"rendered":"\n<p>Gonzalo Fuenzalida, abogado de la familia de<strong>&nbsp;Lara Morena Guti\u00e9rrez<\/strong>, asegur\u00f3 que el crimen de las tres chicas en Florencio Varela&nbsp;&#8220;podr\u00eda encuadrarse en un femicidio<strong>&#8220;<\/strong>. Sin embargo, advirti\u00f3 que&nbsp;la causa est\u00e1 &#8220;en secreto de sumario&#8221;&nbsp;y apunt\u00f3 contra el Poder Judicial por la quita de custodia de la vivienda donde se perpetr\u00f3 el triple crimen. &#8220;Hubo una inoperancia policial como judicial&#8221;, dijo.<\/p>\n\n\n\n<p>Fuenzalida, quien se convirti\u00f3 este jueves en el representante legal, asegur\u00f3 que la familia est\u00e1 &#8220;totalmente destruida y est\u00e1n muy unidos&#8221;.<\/p>\n\n\n\n<p>En tanto, adelant\u00f3 que hoy se reunir\u00e1 con el fiscal general y los ministerios de Defensa y de Justicia.<\/p>\n\n\n\n<p>Ademas cont\u00f3 que ayer se reunieron las tres madres y se encuentran unidas. &#8220;No hay diferencias entre ellas. Las tres est\u00e1n de acuerdo en que hay que llegar hasta las \u00faltimas consecuencias con esto&#8221;.<\/p>\n\n\n\n<h2 class=\"wp-block-heading\">Qui\u00e9nes est\u00e1n detenidos por el crimen<\/h2>\n\n\n\n<p>Por el momento hay&nbsp;<strong>cuatro detenidos<\/strong>&nbsp;por el crimen. Se trata de dos parejas, una de nacionalidad argentina y otra peruana, acusadas de&nbsp;<strong>homicidio agravado. Los acusados se negaron a declarar&nbsp;<\/strong>y seguir\u00e1n con prisi\u00f3n preventiva en Penal de Melchor Romero. Se trata de:<\/p>\n\n\n\n<p>Fueron imputados formalmente por el delito de \u201chomicidio calificado por ser cometido con el concurso premeditado de dos o mas personas, por ser cometido por&nbsp;<strong>alevosia y ensa\u00f1amiento&nbsp;<\/strong>y por su comisi\u00f3n por un hombre contra una mujer mediante violencia de g\u00e9nero\u201d.<\/p>\n\n\n\n<p>Por su parte, a dos de los acusados tambi\u00e9n se les imputa de manera alternativa el delito de&nbsp;<strong>encubrimiento agravado<\/strong>.<\/p>\n\n\n\n<h2 class=\"wp-block-heading\">Qui\u00e9n orden\u00f3 el asesinato de las tres chicas en Florencio Varela<\/h2>\n\n\n\n<p>La Justicia cree que el crimen fue ordenado por un narco peruano de 23 a\u00f1os conocido como Julito o &#8220;<strong>Peque\u00f1o J&#8221;<\/strong>. El l\u00edder de la organizaci\u00f3n delictiva&nbsp;<strong>habr\u00eda planeado todo<\/strong>: desde la trampa de la fiesta hasta la transmisi\u00f3n en vivo del crimen.<\/p>\n\n\n\n<p>Fuentes policiales explicaron que es un l\u00edder con un perfil&nbsp;<strong>\u201cextremadamente sanguinario<\/strong>\u201d y detallaron que, pese a su temprana edad, es tan peligroso como otros narcotraficantes de mayor experiencia.<\/p>\n\n\n\n<p>Este mismo jueves allanaron el b\u00fanker de \u201cPeque\u00f1o J\u201d en el barrio porte\u00f1o de Barracas. El l\u00edder narco dej\u00f3&nbsp;<strong>trampas electrificadas y un mensaje directo para la polic\u00eda,&nbsp;<\/strong>escrito en una hoja de papel.<\/p>\n","protected":false},"excerpt":{"rendered":"<p>Gonzalo Fuenzalida, abogado de la familia de&nbsp;Lara Morena Guti\u00e9rrez, asegur\u00f3 que el crimen de las tres chicas en Florencio Varela&nbsp;&#8220;podr\u00eda encuadrarse en un femicidio&#8220;. Sin embargo, advirti\u00f3 que&nbsp;la causa est\u00e1 &#8220;en secreto de sumario&#8221;&nbsp;y apunt\u00f3 contra el Poder Judicial por la quita de custodia de la vivienda donde se perpetr\u00f3 el triple crimen. &#8220;Hubo una [&hellip;]<\/p>\n","protected":false},"author":1,"featured_media":602,"comment_status":"open","ping_status":"open","sticky":false,"template":"","format":"standard","meta":{"footnotes":""},"categories":[1],"tags":[],"class_list":["post-2666","post","type-post","status-publish","format-standard","has-post-thumbnail","hentry","category-politica"],"_links":{"self":[{"href":"https:\/\/laestaciononline.com.ar\/index.php?rest_route=\/wp\/v2\/posts\/2666","targetHints":{"allow":["GET"]}}],"collection":[{"href":"https:\/\/laestaciononline.com.ar\/index.php?rest_route=\/wp\/v2\/posts"}],"about":[{"href":"https:\/\/laestaciononline.com.ar\/index.php?rest_route=\/wp\/v2\/types\/post"}],"author":[{"embeddable":true,"href":"https:\/\/laestaciononline.com.ar\/index.php?rest_route=\/wp\/v2\/users\/1"}],"replies":[{"embeddable":true,"href":"https:\/\/laestaciononline.com.ar\/index.php?rest_route=%2Fwp%2Fv2%2Fcomments&post=2666"}],"version-history":[{"count":2,"href":"https:\/\/laestaciononline.com.ar\/index.php?rest_route=\/wp\/v2\/posts\/2666\/revisions"}],"predecessor-version":[{"id":2668,"href":"https:\/\/laestaciononline.com.ar\/index.php?rest_route=\/wp\/v2\/posts\/2666\/revisions\/2668"}],"wp:featuredmedia":[{"embeddable":true,"href":"https:\/\/laestaciononline.com.ar\/index.php?rest_route=\/wp\/v2\/media\/602"}],"wp:attachment":[{"href":"https:\/\/laestaciononline.com.ar\/index.php?rest_route=%2Fwp%2Fv2%2Fmedia&parent=2666"}],"wp:term":[{"taxonomy":"category","embeddable":true,"href":"https:\/\/laestaciononline.com.ar\/index.php?rest_route=%2Fwp%2Fv2%2Fcategories&post=2666"},{"taxonomy":"post_tag","embeddable":true,"href":"https:\/\/laestaciononline.com.ar\/index.php?rest_route=%2Fwp%2Fv2%2Ftags&post=2666"}],"curies":[{"name":"wp","href":"https:\/\/api.w.org\/{rel}","templated":true}]}}