{"id":2674,"date":"2025-09-29T11:01:38","date_gmt":"2025-09-29T11:01:38","guid":{"rendered":"https:\/\/laestaciononline.com.ar\/?p=2674"},"modified":"2025-09-29T11:01:38","modified_gmt":"2025-09-29T11:01:38","slug":"precariedad-laboral-mas-de-seis-de-cada-diez-jovenes-tienen-empleos-informales-en-el-pais","status":"publish","type":"post","link":"https:\/\/laestaciononline.com.ar\/?p=2674","title":{"rendered":"Precariedad laboral: m\u00e1s de seis de cada diez j\u00f3venes tienen empleos informales en el pa\u00eds"},"content":{"rendered":"\n<p>As\u00ed lo se\u00f1al\u00f3 un informe privado al que accedi\u00f3 Popular. La situaci\u00f3n afecta por igual a los hombres y mujeres de entre 15 y 24 a\u00f1os. C\u00f3mo es el escenario de la Argentina en comparaci\u00f3n con otros pa\u00edses de Am\u00e9rica Latina.<\/p>\n\n\n\n<p>La informalidad laboral afecta a&nbsp;<strong>m\u00e1s del 65% de la poblaci\u00f3n de j\u00f3venes<\/strong>&nbsp;de la Argentina. Unos&nbsp;<strong>4,7 millones de personas de 15 a 24 a\u00f1os<\/strong>&nbsp;desarrollan tareas en esas condiciones y quedan excluidas de derechos b\u00e1sicos, como aportes jubilatorios y cobertura de salud, seg\u00fan un informe privado al que accedi\u00f3&nbsp;<strong>Popular<\/strong>. El 32,1% tiene empleo formal o de calidad y otro 7% se encuentra desempleado.<\/p>\n\n\n\n<p>El relevamiento traz\u00f3 un panorama sobre la realidad que atraviesa la juventud en el pa\u00eds y los desaf\u00edos que enfrenta en el mercado de trabajo. Fue elaborado a partir de la&nbsp;<strong>recopilaci\u00f3n, sistematizaci\u00f3n y an\u00e1lisis de informaci\u00f3n estad\u00edstica<\/strong>&nbsp;publicada por diferentes organismos e instituciones internacionales, entre ellas&nbsp;<strong>CEPAL, OIT y UNESCO<\/strong>.<\/p>\n\n\n\n<p>El nivel de informalidad laboral en los j\u00f3venes argentinos&nbsp;<strong>va en l\u00ednea con el promedio de Am\u00e9rica Latina<\/strong>, donde alcanza el 65,70%. Y como en el resto de la regi\u00f3n, tampoco hay variaciones importantes por g\u00e9nero: la situaci\u00f3n impacta al&nbsp;<strong>68,1% de los hombres de ese grupo y al 67% de las mujeres<\/strong>&nbsp;de esa poblaci\u00f3n.<\/p>\n\n\n\n<figure class=\"wp-block-image\"><img decoding=\"async\" src=\"https:\/\/media.diariopopular.com.ar\/p\/495814ae1ae3164ca26212376235836c\/adjuntos\/143\/imagenes\/008\/209\/0008209613\/1140x0\/smart\/estadisticasforge1.jpg\" alt=\"\" title=\"\"\/><\/figure>\n\n\n\n<h2 class=\"wp-block-heading\">ADEM\u00c1S:&nbsp;<a href=\"https:\/\/www.diariopopular.com.ar\/economia\/luis-caputo-nego-que-haya-un-cepo-cambiario-y-anuncio-que-el-tesoro-compro-us1345-millones-n863969#google_vignette\" target=\"_blank\" rel=\"noreferrer noopener\">Luis Caputo neg\u00f3 que haya un cepo cambiario y anunci\u00f3 que el Tesoro compr\u00f3 U$S1345 millones<\/a><\/h2>\n\n\n\n<p>&#8220;Cuando la situaci\u00f3n laboral y econ\u00f3mica se complica,&nbsp;<strong>los primeros que salen del mercado son los j\u00f3venes. Y los primeros que tienen dificultades para entrar, tambi\u00e9n son los j\u00f3venes<\/strong>. Eso se ve en los datos&#8221;, sostuvo&nbsp;<strong>Rodrigo Kon<\/strong>, director Ejecutivo de la&nbsp;<strong>Fundaci\u00f3n Forge<\/strong>, al analizar el estudio elaborado por esta instituci\u00f3n. &#8220;En la Argentina est\u00e1n quedando fuera de muchas cosas y sufriendo mayor precarizaci\u00f3n laboral que antes. Incluso, peores condiciones para estudiar.&nbsp;<strong>Eso es una bomba de tiempo&#8221;<\/strong>, advirti\u00f3.<\/p>\n\n\n\n<p>Seg\u00fan datos de la OIT y la CEPAL, los sectores donde los j\u00f3venes est\u00e1n m\u00e1s representados siguen siendo actividades de alta informalidad:&nbsp;<strong>el comercio (para ambos g\u00e9neros), la construcci\u00f3n (sobre todo, varones) y los servicios de ense\u00f1anza, salud y trabajo dom\u00e9stico (en especial, mujeres)<\/strong>.<\/p>\n\n\n\n<p>En cuanto al porcentaje de mayor nivel de informalidad laboral en la juventud de Am\u00e9rica Latina, el ranking fue encabezado por&nbsp;<strong>Bolivia (96,38%), seguido por Guatemala (90,44%), Per\u00fa (86,04%), Ecuador (85,02%), Paraguay (79,75%) y El Salvador (70,77%)<\/strong>. Y por debajo de la Argentina se ubicaron Panam\u00e1 (67,63%), M\u00e9xico (67,07%), Colombia (65,16%), Rep\u00fablica Dominicana (57,50%), Brasil (44,61%), Chile (37,01%), Costa Rica (36,33%) y&nbsp;<strong>Uruguay (34,20%)<\/strong>.<\/p>\n\n\n\n<p>https:\/\/googleads.g.doubleclick.net\/pagead\/ads?gdpr=0&#038;client=ca-pub-9601162182442873&#038;output=html&#038;h=280&#038;adk=869843988&#038;adf=2264145855&#038;w=750&#038;fwrn=4&#038;fwrnh=100&#038;lmt=1759143179&#038;num_ads=1&#038;rafmt=1&#038;armr=3&#038;sem=mc&#038;pwprc=1650248347&#038;ad_type=text_image&#038;format=750&#215;280&#038;url=https%3A%2F%2Fwww.diariopopular.com.ar%2Feconomia%2Fcrisis-laboral-mas-del-65-los-jovenes-trabajan-la-informalidad-el-pais-esteban-fraboschi-n864119&#038;fwr=0&#038;pra=3&#038;rh=188&#038;rw=750&#038;rpe=1&#038;resp_fmts=3&#038;wgl=1&#038;fa=27&#038;uach=WyJXaW5kb3dzIiwiMTUuMC4wIiwieDg2IiwiIiwiMTQwLjAuNzMzOS4xODUiLG51bGwsMCxudWxsLCI2NCIsW1siQ2hyb21pdW0iLCIxNDAuMC43MzM5LjE4NSJdLFsiTm90PUE_QnJhbmQiLCIyNC4wLjAuMCJdLFsiR29vZ2xlIENocm9tZSIsIjE0MC4wLjczMzkuMTg1Il1dLDBd&#038;abgtt=11&#038;dt=1759143179281&#038;bpp=2&#038;bdt=620&#038;idt=-M&#038;shv=r20250924&#038;mjsv=m202509230101&#038;ptt=9&#038;saldr=aa&#038;abxe=1&#038;cookie=ID%3D84ef5df68495d095%3AT%3D1732050898%3ART%3D1759143149%3AS%3DALNI_MZtrFraueb-xdkJX69b6DG1y6grDQ&#038;gpic=UID%3D00000f996914b9f0%3AT%3D1732050898%3ART%3D1759143149%3AS%3DALNI_MZxU94yX5gPzzrQwMPFzSVEzB2nOQ&#038;eo_id_str=ID%3D665779eb906e22f8%3AT%3D1750966099%3ART%3D1759143149%3AS%3DAA-AfjZ2W99Te1dYxvG9RQ3bO-jv&#038;prev_fmts=0x0&#038;nras=2&#038;correlator=462050809646&#038;frm=20&#038;pv=1&#038;u_tz=-180&#038;u_his=3&#038;u_h=768&#038;u_w=1366&#038;u_ah=720&#038;u_aw=1366&#038;u_cd=24&#038;u_sd=1&#038;dmc=8&#038;adx=106&#038;ady=2134&#038;biw=1351&#038;bih=633&#038;scr_x=0&#038;scr_y=0&#038;eid=31094858%2C95371967%2C95372358%2C95368094&#038;oid=2&#038;pvsid=6903280341487862&#038;tmod=27793676&#038;uas=0&#038;nvt=1&#038;ref=https%3A%2F%2Fwww.diariopopular.com.ar%2F&#038;fc=1408&#038;brdim=0%2C0%2C0%2C0%2C1366%2C0%2C1366%2C720%2C1366%2C633&#038;vis=1&#038;rsz=%7C%7Cs%7C&#038;abl=NS&#038;fu=128&#038;bc=31&#038;bz=1&#038;td=1&#038;tdf=2&#038;psd=W251bGwsW251bGwsbnVsbCxudWxsLCJkZXByZWNhdGVkX2thbm9uIl0sImxhYmVsX29ubHlfNSIsMV0.&#038;nt=1&#038;ifi=2&#038;uci=a!2&#038;btvi=1&#038;fsb=1&#038;dtd=224<\/p>\n\n\n\n<p>Asimismo,&nbsp;<strong>el empleo formal o de calidad s\u00f3lo alcanza al 32,1% de la juventud argentina<\/strong>. Una cifra alarmante e inferior al promedio de Am\u00e9rica Latina, donde alcanza al 42,8% de ese sector de la poblaci\u00f3n.<\/p>\n\n\n\n<figure class=\"wp-block-image\"><img decoding=\"async\" src=\"https:\/\/media.diariopopular.com.ar\/p\/ba43b9ecac46bb6c97c27f0f7e6e37ce\/adjuntos\/143\/imagenes\/008\/209\/0008209614\/1140x0\/smart\/estadisticasforge2.jpg\" alt=\"\" title=\"\"\/><\/figure>\n\n\n\n<h2 class=\"wp-block-heading\">ADEM\u00c1S:&nbsp;<a href=\"https:\/\/www.diariopopular.com.ar\/economia\/actividad-economica-crecio-07-agosto-y-55-un-ano-n863985\" target=\"_blank\" rel=\"noreferrer noopener\">Actividad econ\u00f3mica: creci\u00f3 0,7% en agosto y 5,5% en un a\u00f1o<\/a><\/h2>\n\n\n\n<p>&#8220;La Argentina est\u00e1 viviendo procesos distintos al resto de la regi\u00f3n. Y cuando uno mira las cifras y piensa en juventud, trabajo, calidad del trabajo, acceso al empleo y a la educaci\u00f3n,&nbsp;<strong>ese imaginario de que el pa\u00eds es diferente y mejor no se ve en los n\u00fameros&#8221;<\/strong>, coment\u00f3 Kon a&nbsp;<strong>Popular<\/strong>. Y continu\u00f3: &#8220;S\u00ed tenemos una historia y ciertas estructuras que nos fortalecen, pero nuestra crisis en ese sentido es enorme.&nbsp;<strong>La situaci\u00f3n tan dura en t\u00e9rminos econ\u00f3micos produce que los j\u00f3venes la pasen mucho peor&#8221;<\/strong>.<\/p>\n\n\n\n<p><strong>&#8220;Es muy dif\u00edcil imaginar una sociedad sin j\u00f3venes trabajando en blanco y proyectando su vida&#8221;<\/strong>, consider\u00f3.<\/p>\n\n\n\n<p>Entre sus conclusiones, el informe se\u00f1al\u00f3 que \u201cla probabilidad de insertarse en trabajos de calidad es baja en econom\u00edas en las que m\u00e1s de la mitad de la poblaci\u00f3n adulta trabaja en la informalidad\u201d. Y describi\u00f3: \u201cPara los j\u00f3venes que provienen de hogares de bajos ingresos que, adem\u00e1s, no alcanzaron a completar los estudios secundarios o superiores,&nbsp;<strong>la inserci\u00f3n en empleos de calidad puede resultar una verdadera haza\u00f1a\u201d<\/strong>.<\/p>\n\n\n\n<p><\/p>\n","protected":false},"excerpt":{"rendered":"<p>As\u00ed lo se\u00f1al\u00f3 un informe privado al que accedi\u00f3 Popular. La situaci\u00f3n afecta por igual a los hombres y mujeres de entre 15 y 24 a\u00f1os. C\u00f3mo es el escenario de la Argentina en comparaci\u00f3n con otros pa\u00edses de Am\u00e9rica Latina. La informalidad laboral afecta a&nbsp;m\u00e1s del 65% de la poblaci\u00f3n de j\u00f3venes&nbsp;de la Argentina. [&hellip;]<\/p>\n","protected":false},"author":1,"featured_media":924,"comment_status":"open","ping_status":"open","sticky":false,"template":"","format":"standard","meta":{"footnotes":""},"categories":[1],"tags":[],"class_list":["post-2674","post","type-post","status-publish","format-standard","has-post-thumbnail","hentry","category-politica"],"_links":{"self":[{"href":"https:\/\/laestaciononline.com.ar\/index.php?rest_route=\/wp\/v2\/posts\/2674","targetHints":{"allow":["GET"]}}],"collection":[{"href":"https:\/\/laestaciononline.com.ar\/index.php?rest_route=\/wp\/v2\/posts"}],"about":[{"href":"https:\/\/laestaciononline.com.ar\/index.php?rest_route=\/wp\/v2\/types\/post"}],"author":[{"embeddable":true,"href":"https:\/\/laestaciononline.com.ar\/index.php?rest_route=\/wp\/v2\/users\/1"}],"replies":[{"embeddable":true,"href":"https:\/\/laestaciononline.com.ar\/index.php?rest_route=%2Fwp%2Fv2%2Fcomments&post=2674"}],"version-history":[{"count":1,"href":"https:\/\/laestaciononline.com.ar\/index.php?rest_route=\/wp\/v2\/posts\/2674\/revisions"}],"predecessor-version":[{"id":2675,"href":"https:\/\/laestaciononline.com.ar\/index.php?rest_route=\/wp\/v2\/posts\/2674\/revisions\/2675"}],"wp:featuredmedia":[{"embeddable":true,"href":"https:\/\/laestaciononline.com.ar\/index.php?rest_route=\/wp\/v2\/media\/924"}],"wp:attachment":[{"href":"https:\/\/laestaciononline.com.ar\/index.php?rest_route=%2Fwp%2Fv2%2Fmedia&parent=2674"}],"wp:term":[{"taxonomy":"category","embeddable":true,"href":"https:\/\/laestaciononline.com.ar\/index.php?rest_route=%2Fwp%2Fv2%2Fcategories&post=2674"},{"taxonomy":"post_tag","embeddable":true,"href":"https:\/\/laestaciononline.com.ar\/index.php?rest_route=%2Fwp%2Fv2%2Ftags&post=2674"}],"curies":[{"name":"wp","href":"https:\/\/api.w.org\/{rel}","templated":true}]}}