{"id":2676,"date":"2025-09-29T11:08:19","date_gmt":"2025-09-29T11:08:19","guid":{"rendered":"https:\/\/laestaciononline.com.ar\/?p=2676"},"modified":"2025-09-29T11:09:20","modified_gmt":"2025-09-29T11:09:20","slug":"ola-de-calor-extrema-advierten-que-afectara-al-pais-desde-octubre-y-se-prolongara-hasta-diciembre","status":"publish","type":"post","link":"https:\/\/laestaciononline.com.ar\/?p=2676","title":{"rendered":"Ola de calor extrema: advierten que afectar\u00e1 al pa\u00eds desde octubre y se prolongar\u00e1 hasta diciembre"},"content":{"rendered":"\n<p>El Servicio Meteorol\u00f3gico Nacional (SMN) hizo p\u00fablico un informe clim\u00e1tico en el que advierte sobre una&nbsp;<strong>ola de calor que afectar\u00e1 durante el \u00faltimo trimestre del a\u00f1o a la mayor parte del pa\u00eds<\/strong>.<\/p>\n\n\n\n<p>El informe prev\u00e9 que&nbsp;<strong>desde octubre pr\u00f3ximo y al menos hasta diciembre gran parte de la Argentina sufrir\u00e1 valores t\u00e9rmicos superiores a los normales para esa \u00e9poca del a\u00f1o,<\/strong>&nbsp;con algunas excepciones regionales, que se mantendr\u00e1n en el rango de las temperaturas hist\u00f3ricas.<\/p>\n\n\n\n<p>El documento titulado \u201cPron\u00f3stico Clim\u00e1tico Trimestral (octubre-noviembre-diciembre 2025)\u201d revela que solo el&nbsp;<strong>Noroeste (La Rioja, Catamarca, Tucum\u00e1n, centro-este de Salta y Jujuy) tendr\u00e1 marcas dentro de los par\u00e1metros hist\u00f3ricos<\/strong>.<\/p>\n\n\n\n<p>En el resto del territorio nacional, aunque con distintos niveles, los registros t\u00e9rmicos se ubicar\u00e1n por encima de lo habitual, en algunos casos con caracter\u00edsticas de ola de calor, entendida como un&nbsp;<strong>\u201cper\u00edodo excesivamente c\u00e1lido en el cual las temperaturas m\u00e1ximas y m\u00ednimas superan, por lo menos durante 3 d\u00edas consecutivos y en forma simult\u00e1nea, ciertos valores\u201d<\/strong>, seg\u00fan la definici\u00f3n del SMN.<\/p>\n\n\n\n<h2 class=\"wp-block-heading\">Qu\u00e9 provincias ser\u00e1n las m\u00e1s afectadas por la ola de calor<\/h2>\n\n\n\n<figure class=\"wp-block-image\"><img decoding=\"async\" src=\"https:\/\/media.minutouno.com\/p\/689e3177c08e0fde9780df84d18007f1\/adjuntos\/150\/imagenes\/042\/804\/0042804747\/610x0\/smart\/mapa-ola-calor.jpg\" alt=\"\" title=\"\"\/><\/figure>\n\n\n\n<p>Seg\u00fan el informe del organismo oficial, la provincia&nbsp;<strong>con mayores probabilidades de registrar temperaturas extremas ser\u00e1 C\u00f3rdoba, con un 55% de chances de superar los valores hist\u00f3ricos<\/strong>&nbsp;para el territorio mediterr\u00e1neo.<\/p>\n\n\n\n<p>En id\u00e9ntico rango se encuentran la&nbsp;<strong>franja Oeste de Santa Fe, el Este de San Luis, el extremo Sur de Santiago del Estero y el extremo Norte de la provincia de Buenos<\/strong>.<\/p>\n\n\n\n<p>De acuerdo a la previsi\u00f3n, la onda cal\u00f3rica se expandir\u00e1 por toda la regi\u00f3n central del pa\u00eds:&nbsp;<strong>Buenos Aires, la Ciudad, Santa Fe, La Pampa, San Luis, Mendoza, sur de San Juan y Entre R\u00edos, donde una probabilidad de calor an\u00f3malo de hasta el 50%<\/strong>.<\/p>\n\n\n\n<p>El&nbsp;<strong>Noreste (Misiones, Corrientes, Chaco, Formosa, Santiago del Estero, Este de Salta y Norte de Sana Fe) y la Patagonia (Neuqu\u00e9n, R\u00edo Negro, Chubut, Santa Cruz y Tierra del Fuego)<\/strong>&nbsp;tambi\u00e9n presentar\u00e1n un escenario c\u00e1lido:&nbsp;<strong>el informe les asigna un 45% de probabilidades de que los valores se ubiquen por encima de lo normal<\/strong>&nbsp;para la mayor parte de la primavera y el inicio del verano.<\/p>\n\n\n\n<p>Seg\u00fan el organismo, tras una primavera que comenz\u00f3 con jornadas frescas, se espera ese<strong>&nbsp;cambio dram\u00e1tico en cuanto a las condiciones meteorol\u00f3gicas, que podr\u00eda prolongarse durante el verano 2025-2026<\/strong>.<\/p>\n","protected":false},"excerpt":{"rendered":"<p>El Servicio Meteorol\u00f3gico Nacional (SMN) hizo p\u00fablico un informe clim\u00e1tico en el que advierte sobre una&nbsp;ola de calor que afectar\u00e1 durante el \u00faltimo trimestre del a\u00f1o a la mayor parte del pa\u00eds. El informe prev\u00e9 que&nbsp;desde octubre pr\u00f3ximo y al menos hasta diciembre gran parte de la Argentina sufrir\u00e1 valores t\u00e9rmicos superiores a los normales [&hellip;]<\/p>\n","protected":false},"author":1,"featured_media":209,"comment_status":"open","ping_status":"open","sticky":false,"template":"","format":"standard","meta":{"footnotes":""},"categories":[1],"tags":[],"class_list":["post-2676","post","type-post","status-publish","format-standard","has-post-thumbnail","hentry","category-politica"],"_links":{"self":[{"href":"https:\/\/laestaciononline.com.ar\/index.php?rest_route=\/wp\/v2\/posts\/2676","targetHints":{"allow":["GET"]}}],"collection":[{"href":"https:\/\/laestaciononline.com.ar\/index.php?rest_route=\/wp\/v2\/posts"}],"about":[{"href":"https:\/\/laestaciononline.com.ar\/index.php?rest_route=\/wp\/v2\/types\/post"}],"author":[{"embeddable":true,"href":"https:\/\/laestaciononline.com.ar\/index.php?rest_route=\/wp\/v2\/users\/1"}],"replies":[{"embeddable":true,"href":"https:\/\/laestaciononline.com.ar\/index.php?rest_route=%2Fwp%2Fv2%2Fcomments&post=2676"}],"version-history":[{"count":3,"href":"https:\/\/laestaciononline.com.ar\/index.php?rest_route=\/wp\/v2\/posts\/2676\/revisions"}],"predecessor-version":[{"id":2679,"href":"https:\/\/laestaciononline.com.ar\/index.php?rest_route=\/wp\/v2\/posts\/2676\/revisions\/2679"}],"wp:featuredmedia":[{"embeddable":true,"href":"https:\/\/laestaciononline.com.ar\/index.php?rest_route=\/wp\/v2\/media\/209"}],"wp:attachment":[{"href":"https:\/\/laestaciononline.com.ar\/index.php?rest_route=%2Fwp%2Fv2%2Fmedia&parent=2676"}],"wp:term":[{"taxonomy":"category","embeddable":true,"href":"https:\/\/laestaciononline.com.ar\/index.php?rest_route=%2Fwp%2Fv2%2Fcategories&post=2676"},{"taxonomy":"post_tag","embeddable":true,"href":"https:\/\/laestaciononline.com.ar\/index.php?rest_route=%2Fwp%2Fv2%2Ftags&post=2676"}],"curies":[{"name":"wp","href":"https:\/\/api.w.org\/{rel}","templated":true}]}}