{"id":2680,"date":"2025-09-29T11:12:21","date_gmt":"2025-09-29T11:12:21","guid":{"rendered":"https:\/\/laestaciononline.com.ar\/?p=2680"},"modified":"2025-09-29T11:12:21","modified_gmt":"2025-09-29T11:12:21","slug":"con-pedro-aznar-dolina-y-dario-sztajnszrajber-brown-ultima-detalles-para-la-feria-internacional-del-libro","status":"publish","type":"post","link":"https:\/\/laestaciononline.com.ar\/?p=2680","title":{"rendered":"Con Pedro Aznar, Dolina y Dario Sztajnszrajber, Brown ultima detalles para la Feria Internacional del Libro"},"content":{"rendered":"\n<p><\/p>\n\n\n\n<p>El Municipio de Almirante Brown ultima los detalles para el inicio de la 9\u00b0 edici\u00f3n de la Feria Internacional del Libro de Almirante Brown (FILAB) que este a\u00f1o contar\u00e1 con presencias estelares como las de Dar\u00edo Sztajnszrajber, Cecilia Ce, Marcelo Longobardi, V\u00edctor Hugo Morales, Tamara Tenembaum, Alejandro Dolina, y un show musical de lujo a cargo de Pedro Aznar.<\/p>\n\n\n\n<p>Este esperado evento se realizar\u00e1 del martes 30 de septiembre al domingo 5 de octubre, contando adem\u00e1s con una nutrida agenda que incluye a Ian Moche, Tamara Tenembaum, Gustavo Sylvestre, Julia Zenko, Tute, Mauro Szeta, Marcelo Longobardi, Alejandro Bercovich, REP, Julia Mengolini, Mart\u00edn Kohan, V\u00edctor Hugo Morales y Cecilia Ce, entre muchas actividades m\u00e1s que ya pueden consultarse en&nbsp;<a href=\"https:\/\/www.educacion.brown.gob.ar\/agendafilab\" target=\"_blank\" rel=\"noreferrer noopener\">https:\/\/www.educacion.brown.gob.ar\/agendafilab<\/a>.<\/p>\n\n\n\n<p>&#8220;Estamos muy felices porque como cada a\u00f1o esta nueva edici\u00f3n de FILAB contar\u00e1 una inmensa agenda cultural y literaria de primer nivel, pensada para todas las edades y como siempre, con entrada libre y gratuita&#8221;, remarc\u00f3 al respecto el intendente Mariano Cascallares.<\/p>\n\n\n\n<p>Este a\u00f1o el evento cultural y literario del a\u00f1o m\u00e1s esperado de la regi\u00f3n llega otra vez en primavera y con carpas renovadas, nuevas propuestas, m\u00e1s de 150 charlas de primer nivel y con una variada agenda de actividades libres y gratuitas, tanto para vecinos como para contingentes escolares.<\/p>\n\n\n\n<p>La iniciativa, promovida a trav\u00e9s de la Secretar\u00eda de Educaci\u00f3n, Ciencia y Tecnolog\u00eda y en articulaci\u00f3n con las distintas \u00e1reas municipales, contar\u00e1 como en todas sus ediciones con propuestas editoriales, educativas y culturales tales como la presentaci\u00f3n de libros, conferencias, charlas y espect\u00e1culos.<\/p>\n\n\n\n<p>La feria abrir\u00e1 sus puertas el martes 30, de 12 a 20 horas; el mi\u00e9rcoles 1, de 9 a 19; el jueves 2 y el viernes 3, de 9 a 22; y el s\u00e1bado 4 y domingo 5, de 12 a 22, ofreciendo un despliegue de propuestas culturales en diferentes espacios.<\/p>\n\n\n\n<p>Entre las actividades destacadas de este a\u00f1o se realizar\u00e1n tres propuestas interactivas sobre ciencia, astronom\u00eda, exploraci\u00f3n espacial y tecnolog\u00eda. Habr\u00e1 un espacio con actividades l\u00fadicas y art\u00edsticas para la primera infancia y un Planetario con experiencias inmersivas de \u201cDinosaurios 360\u00b0\u201d y \u201cUniverso 360\u00b0\u201d .<\/p>\n\n\n\n<p>En paralelo funcionar\u00e1 el Espacio Punto Calma, un lugar distendido para disfrutar con menos est\u00edmulos y m\u00e1s tranquilidad, con juegos sensoriales, actividades de comunicaci\u00f3n y lenguaje, y mobiliario adaptable. Adem\u00e1s, estar\u00e1 presente nuevamente el Espacio Streaming con el programa AULA ABIERTA, que transmitir\u00e1 en vivo todo lo que ocurra en la feria con la participaci\u00f3n de radios universitarias y programas educativos.<\/p>\n\n\n\n<p>AGENDA DE ACTIVIDADES<\/p>\n\n\n\n<p>\u2022 La apertura oficial ser\u00e1 el martes 30, a las 12 horas, en el Auditorio Rodolfo Walsh, con un acto en el que el intendente Mariano Cascallares dar\u00e1 inicio formal a la novena edici\u00f3n de la Feria Internacional del Libro de Almirante Brown.<\/p>\n\n\n\n<p>\u2022 El mi\u00e9rcoles 1\/10, a las 18 horas, Ian Moche presentar\u00e1 su charla \u201cAutismo para concientizar y visibilizar esta neurodivergencia para hacer una sociedad m\u00e1s amigable\u201d tambi\u00e9n en el Walsh.<\/p>\n\n\n\n<p>\u2022 El jueves 2\/10 llegar\u00e1 con figuras centrales del periodismo: a las 20 Marcelo Longobardi ofrecer\u00e1 la charla \u201cLos medios en la era de la ira: Los sesgos, Milei y Trump\u201d y a las 21:15 se presentar\u00e1 V\u00edctor Hugo Morales, ambos en el Walsh. Adem\u00e1s, a las 18, Mart\u00edn Kohan dir\u00e1 presente con \u201cDesde la Boca\u201d en el Amelia Lapeyri\u00e8re, completando una jornada intensa con an\u00e1lisis y literatura.<\/p>\n\n\n\n<p>\u2022 El viernes 3\/10, a las 17:30 en el Amelia, Washington Uranga, Ver\u00f3nica Gim\u00e9nez Beliveau y Alberto Sileoni presentar\u00e1n \u201cEl maestro: El humanismo del Papa Francisco\u201d. A las 19:30 en el Walsh, Gustavo \u201cGato\u201d Sylvestre presentar\u00e1 \u201cRecuperar a Francisco; lo que nos dej\u00f3 el Papa argentino\u201d, mientras que la jornada cerrar\u00e1 con Dar\u00edo Sztajnszrajber exponiendo sobre \u201cLa amistad: Pensar al otro\u201d a las 21 en el mismo auditorio.<\/p>\n\n\n\n<p>\u2022 El s\u00e1bado 4\/10 abrir\u00e1 con el espect\u00e1culo infantil \u201cLos Rockan\u201d a las 15:15 en el Walsh. Luego, a las 17 en el Amelia, Julia Mengolini presentar\u00e1 \u201cLas caras del monstruo\u201d y a las 18, Cecilia Ce har\u00e1 lo propio en el Walsh con su libro \u201cDeseo\u201d. A las 20, Tute dar\u00e1 a conocer su libro \u201cEnsayo para mi muerte\u201d, mientras que a las 21 llega \u201cLa venganza ser\u00e1 terrible\u201d de Alejandro Dolina junto a Patricio Barton, Gillespi y El Tr\u00edo sin Nombre.<\/p>\n\n\n\n<p>\u2022 El domingo 5\/10, a las 17 en el Bodoc, REP y Juan Sasturain dar\u00e1n una charla sobre El Eternauta. A las 19 en el Walsh, Mauro Szeta hablar\u00e1 de su trabajo \u201cNahir: La historia desconocida\u201d. A las 19:45, en el Amelia Tamara Tenembaum, presentar\u00e1 \u201cUn mill\u00f3n de cuartos propios\u201d y finalmente, el cierre de lujo estar\u00e1 a cargo de Pedro Aznar y su banda con un show musical en el Walsh a las 21.<\/p>\n","protected":false},"excerpt":{"rendered":"<p>El Municipio de Almirante Brown ultima los detalles para el inicio de la 9\u00b0 edici\u00f3n de la Feria Internacional del Libro de Almirante Brown (FILAB) que este a\u00f1o contar\u00e1 con presencias estelares como las de Dar\u00edo Sztajnszrajber, Cecilia Ce, Marcelo Longobardi, V\u00edctor Hugo Morales, Tamara Tenembaum, Alejandro Dolina, y un show musical de lujo a [&hellip;]<\/p>\n","protected":false},"author":1,"featured_media":0,"comment_status":"open","ping_status":"open","sticky":false,"template":"","format":"standard","meta":{"footnotes":""},"categories":[1],"tags":[],"class_list":["post-2680","post","type-post","status-publish","format-standard","hentry","category-politica"],"_links":{"self":[{"href":"https:\/\/laestaciononline.com.ar\/index.php?rest_route=\/wp\/v2\/posts\/2680","targetHints":{"allow":["GET"]}}],"collection":[{"href":"https:\/\/laestaciononline.com.ar\/index.php?rest_route=\/wp\/v2\/posts"}],"about":[{"href":"https:\/\/laestaciononline.com.ar\/index.php?rest_route=\/wp\/v2\/types\/post"}],"author":[{"embeddable":true,"href":"https:\/\/laestaciononline.com.ar\/index.php?rest_route=\/wp\/v2\/users\/1"}],"replies":[{"embeddable":true,"href":"https:\/\/laestaciononline.com.ar\/index.php?rest_route=%2Fwp%2Fv2%2Fcomments&post=2680"}],"version-history":[{"count":1,"href":"https:\/\/laestaciononline.com.ar\/index.php?rest_route=\/wp\/v2\/posts\/2680\/revisions"}],"predecessor-version":[{"id":2681,"href":"https:\/\/laestaciononline.com.ar\/index.php?rest_route=\/wp\/v2\/posts\/2680\/revisions\/2681"}],"wp:attachment":[{"href":"https:\/\/laestaciononline.com.ar\/index.php?rest_route=%2Fwp%2Fv2%2Fmedia&parent=2680"}],"wp:term":[{"taxonomy":"category","embeddable":true,"href":"https:\/\/laestaciononline.com.ar\/index.php?rest_route=%2Fwp%2Fv2%2Fcategories&post=2680"},{"taxonomy":"post_tag","embeddable":true,"href":"https:\/\/laestaciononline.com.ar\/index.php?rest_route=%2Fwp%2Fv2%2Ftags&post=2680"}],"curies":[{"name":"wp","href":"https:\/\/api.w.org\/{rel}","templated":true}]}}