{"id":2688,"date":"2025-09-30T11:59:33","date_gmt":"2025-09-30T11:59:33","guid":{"rendered":"https:\/\/laestaciononline.com.ar\/?p=2688"},"modified":"2025-09-30T12:01:46","modified_gmt":"2025-09-30T12:01:46","slug":"cascallares-y-larroque-lanzaron-el-almacen-de-la-comunidad-para-cuidar-el-bolsillo-de-los-vecinos","status":"publish","type":"post","link":"https:\/\/laestaciononline.com.ar\/?p=2688","title":{"rendered":"Cascallares y Larroque lanzaron el &#8220;Almac\u00e9n de la Comunidad&#8221; para cuidar el bolsillo de los vecinos"},"content":{"rendered":"\n<p><\/p>\n\n\n\n<p>El intendente de Almirante Brown, Mariano Cascallares, y el ministro de Desarrollo para la Comunidad de la Provincia de Buenos Aires, Andr\u00e9s Larroque, inauguraron el primer \u201cAlmac\u00e9n de la Comunidad\u201d en nuestro distrito.<\/p>\n\n\n\n<p>Dicho espacio, ubicado en la calle Carlos Pellegrini N\u00b0 960 de localidad de Burzaco, y puesto en funcionamiento en articulaci\u00f3n con la Federaci\u00f3n Uni\u00f3n Nacional de Cooperativas Argentinas de Trabajo (FUNCAT), ser\u00e1 un punto de comercializaci\u00f3n de la econom\u00eda social en Almirante Brown.<\/p>\n\n\n\n<p>En la oportunidad, Cascallares subray\u00f3 la importancia de la iniciativa a trav\u00e9s de la cual no solo se generar\u00e1 trabajo para la comunidad sino se promover\u00e1 la protecci\u00f3n de la econom\u00eda de los brownianos.<\/p>\n\n\n\n<p>Asimismo, el jefe comunal que hizo hincapi\u00e9 en la tarea que lleva adelante la FUNCAT en Almirante Brown, se\u00f1al\u00f3 que: \u201cEn un momento donde las pol\u00edticas nacionales intentan llevarnos al individualismo, nosotros desde ac\u00e1 seguimos construyendo comunidad con un gobernador que contin\u00faa enviando herramientas concretas para que a\u00fan en tiempos dif\u00edciles, donde la Provincia ha tenido un enorme recorte desde el Gobierno Nacional, se siga acompa\u00f1ando a los municipios y organizaciones\u201d.&nbsp;<\/p>\n\n\n\n<p>Cabe se\u00f1alar, que el nuevo espacio es el d\u00e9cimo \u201cAlmac\u00e9n de la Comunidad\u201d de la provincia de Buenos Aires, forma parte del programa \u201cComprar Comunidad\u201d y tiene por objetivo acercarles a los vecinos productos de la canasta familiar a precios justos.<\/p>\n\n\n\n<p>En el lugar se vender\u00e1n frutas, verduras, quesos, l\u00e1cteos, fiambres, embutidos, secos (pastas, arroces, legumbres y harinas, entre otros), tambi\u00e9n productos gastron\u00f3micos y artesanales.<\/p>\n\n\n\n<p>Es para destacar adem\u00e1s que la totalidad de los productos del almac\u00e9n cuenta con el beneficio del 40% de reintegro proporcionado por Banco Provincia en el marco del descuento de Mercados.<\/p>\n\n\n\n<p>La actividad cont\u00f3 con la participaci\u00f3n del presidente de FUNCAT, Mart\u00edn Villalba; el secretario de Gobierno, Juan Jos\u00e9 Fabiani; el secretario de Relaciones con la Comunidad, Federico Sassone; el presidente del Instituto Municipal de Econom\u00eda Social, V\u00edctor Caparelli; la vicepresidenta del Instituto Municipal de Econom\u00eda Social, Anal\u00eda de Bernardis, adem\u00e1s de representantes de los ministerios de Justicia, de Asuntos Agrarios y de Trabajo bonaerense.<\/p>\n\n\n\n<p><strong>J\u00d3VENES INNOVANDO&nbsp;<\/strong><\/p>\n\n\n\n<p>Previamente Cascallares y Larroque, junto a la directora de las Juventudes de la provincia de Buenos Aires, Ayel\u00e9n L\u00f3pez, participaron de la exposici\u00f3n de proyectos de estudiantes secundarios en el marco del programa \u201cJ\u00f3venes Innovando\u201d.<\/p>\n\n\n\n<p>La Casa Municipal de la Cultura de Adrogu\u00e9 fue escenario del encuentro donde las autoridades celebraron la iniciativa que estimula la participaci\u00f3n, creatividad y el compromiso de los j\u00f3venes de Almirante Brown con su comunidad a trav\u00e9s de proyectos con perspectiva social.<\/p>\n","protected":false},"excerpt":{"rendered":"<p>El intendente de Almirante Brown, Mariano Cascallares, y el ministro de Desarrollo para la Comunidad de la Provincia de Buenos Aires, Andr\u00e9s Larroque, inauguraron el primer \u201cAlmac\u00e9n de la Comunidad\u201d en nuestro distrito. Dicho espacio, ubicado en la calle Carlos Pellegrini N\u00b0 960 de localidad de Burzaco, y puesto en funcionamiento en articulaci\u00f3n con la [&hellip;]<\/p>\n","protected":false},"author":1,"featured_media":2691,"comment_status":"open","ping_status":"open","sticky":false,"template":"","format":"standard","meta":{"footnotes":""},"categories":[1],"tags":[],"class_list":["post-2688","post","type-post","status-publish","format-standard","has-post-thumbnail","hentry","category-politica"],"_links":{"self":[{"href":"https:\/\/laestaciononline.com.ar\/index.php?rest_route=\/wp\/v2\/posts\/2688","targetHints":{"allow":["GET"]}}],"collection":[{"href":"https:\/\/laestaciononline.com.ar\/index.php?rest_route=\/wp\/v2\/posts"}],"about":[{"href":"https:\/\/laestaciononline.com.ar\/index.php?rest_route=\/wp\/v2\/types\/post"}],"author":[{"embeddable":true,"href":"https:\/\/laestaciononline.com.ar\/index.php?rest_route=\/wp\/v2\/users\/1"}],"replies":[{"embeddable":true,"href":"https:\/\/laestaciononline.com.ar\/index.php?rest_route=%2Fwp%2Fv2%2Fcomments&post=2688"}],"version-history":[{"count":2,"href":"https:\/\/laestaciononline.com.ar\/index.php?rest_route=\/wp\/v2\/posts\/2688\/revisions"}],"predecessor-version":[{"id":2690,"href":"https:\/\/laestaciononline.com.ar\/index.php?rest_route=\/wp\/v2\/posts\/2688\/revisions\/2690"}],"wp:featuredmedia":[{"embeddable":true,"href":"https:\/\/laestaciononline.com.ar\/index.php?rest_route=\/wp\/v2\/media\/2691"}],"wp:attachment":[{"href":"https:\/\/laestaciononline.com.ar\/index.php?rest_route=%2Fwp%2Fv2%2Fmedia&parent=2688"}],"wp:term":[{"taxonomy":"category","embeddable":true,"href":"https:\/\/laestaciononline.com.ar\/index.php?rest_route=%2Fwp%2Fv2%2Fcategories&post=2688"},{"taxonomy":"post_tag","embeddable":true,"href":"https:\/\/laestaciononline.com.ar\/index.php?rest_route=%2Fwp%2Fv2%2Ftags&post=2688"}],"curies":[{"name":"wp","href":"https:\/\/api.w.org\/{rel}","templated":true}]}}