{"id":2692,"date":"2025-09-30T12:09:24","date_gmt":"2025-09-30T12:09:24","guid":{"rendered":"https:\/\/laestaciononline.com.ar\/?p=2692"},"modified":"2025-09-30T12:10:20","modified_gmt":"2025-09-30T12:10:20","slug":"juan-grabois-presento-una-denuncia-penal-contra-jose-luis-espert-por-supuestamente-haber-recibido-200-mil-dolares-provenientes-del-narcotrafico","status":"publish","type":"post","link":"https:\/\/laestaciononline.com.ar\/?p=2692","title":{"rendered":"Juan Grabois present\u00f3 una denuncia penal contra Jos\u00e9 Luis Espert por supuestamente haber recibido 200 mil d\u00f3lares provenientes del narcotr\u00e1fico"},"content":{"rendered":"\n<p>El candidato a diputado nacional de Fuerza Patria&nbsp;<strong>Juan Grabois<\/strong>&nbsp;present\u00f3 el viernes pasado una demanda penal contra el legislador de La Libertad Avanza y presidente de la comisi\u00f3n de Presupuesto de la C\u00e1mara baja,<strong>&nbsp;Jos\u00e9 Luis Espert,&nbsp;por haber recibido en febrero del 2020 fondos por 200 mil d\u00f3lares del empresario Federico \u201cFred\u201d Machado,&nbsp;detenido en la actualidad con prisi\u00f3n domiciliario en el pa\u00eds y con pedido de extradici\u00f3n de Estados Unidos en una causa por narcotr\u00e1fico y lavado de dinero.<\/strong><\/p>\n\n\n\n<p>El escrito presentado por el l\u00edder de Patria Grande advierte que&nbsp;esos fondos son \u201cprovenientes de una organizaci\u00f3n criminal que est\u00e1 siendo juzgada por la justicia federal del Estado de Texas, Estados Unidos por el delito de trafico de estupefacientes se corresponden con una maniobra de lavado de activos&nbsp;y configuran por lo tanto el delito previsto y reprimido por el art. 303 inc. 1 del C\u00f3digo Penal\u201d.<\/p>\n\n\n\n<p>La presentaci\u00f3n se basa en la acusaci\u00f3n del Fiscal Federal del Distrito Judicial Este de Texas,&nbsp;<strong>Ernest Gonz\u00e1lez<\/strong>, en una causa contra \u201cFred\u201d Machado, y se nutre de los aportes de investigaciones period\u00edsticas publicadas por los periodistas<strong>&nbsp;Sebasti\u00e1n Lacunza<\/strong>&nbsp;(El diarioAR) y&nbsp;<strong>Rodis Recalt<\/strong>&nbsp;(Perfil).<\/p>\n\n\n\n<p>&#8220;Los v\u00ednculos entre Espert y esta organizaci\u00f3n criminal se gestaron con anterioridad a esta transferencia de dinero y fue en el marco de la campa\u00f1a presidencial que afront\u00f3 el actual diputado nacional en el a\u00f1o 2019,&nbsp;para la cual tambi\u00e9n le facilitaron aviones y una camioneta blindada de alta gama&#8221;, advierte la denuncia del referente peronista.<\/p>\n\n\n\n<p>Seg\u00fan se detalla, el monto de los 200 mil d\u00f3lares figura en un &#8220;libro contable secreto&#8221; de Machado y su principal socia en estas maniobras,&nbsp;<strong>Debra Mercer-Erwin<\/strong>&nbsp;(condenada en Estados Unidos por narcotr\u00e1fico y lavado de activos) en una n\u00f3mina bajo el nombre de Espert y habr\u00eda sido utilizado por la fiscal de Texas como prueba documental en la causa.<\/p>\n","protected":false},"excerpt":{"rendered":"<p>El candidato a diputado nacional de Fuerza Patria&nbsp;Juan Grabois&nbsp;present\u00f3 el viernes pasado una demanda penal contra el legislador de La Libertad Avanza y presidente de la comisi\u00f3n de Presupuesto de la C\u00e1mara baja,&nbsp;Jos\u00e9 Luis Espert,&nbsp;por haber recibido en febrero del 2020 fondos por 200 mil d\u00f3lares del empresario Federico \u201cFred\u201d Machado,&nbsp;detenido en la actualidad con [&hellip;]<\/p>\n","protected":false},"author":1,"featured_media":2694,"comment_status":"open","ping_status":"open","sticky":false,"template":"","format":"standard","meta":{"footnotes":""},"categories":[1],"tags":[],"class_list":["post-2692","post","type-post","status-publish","format-standard","has-post-thumbnail","hentry","category-politica"],"_links":{"self":[{"href":"https:\/\/laestaciononline.com.ar\/index.php?rest_route=\/wp\/v2\/posts\/2692","targetHints":{"allow":["GET"]}}],"collection":[{"href":"https:\/\/laestaciononline.com.ar\/index.php?rest_route=\/wp\/v2\/posts"}],"about":[{"href":"https:\/\/laestaciononline.com.ar\/index.php?rest_route=\/wp\/v2\/types\/post"}],"author":[{"embeddable":true,"href":"https:\/\/laestaciononline.com.ar\/index.php?rest_route=\/wp\/v2\/users\/1"}],"replies":[{"embeddable":true,"href":"https:\/\/laestaciononline.com.ar\/index.php?rest_route=%2Fwp%2Fv2%2Fcomments&post=2692"}],"version-history":[{"count":1,"href":"https:\/\/laestaciononline.com.ar\/index.php?rest_route=\/wp\/v2\/posts\/2692\/revisions"}],"predecessor-version":[{"id":2693,"href":"https:\/\/laestaciononline.com.ar\/index.php?rest_route=\/wp\/v2\/posts\/2692\/revisions\/2693"}],"wp:featuredmedia":[{"embeddable":true,"href":"https:\/\/laestaciononline.com.ar\/index.php?rest_route=\/wp\/v2\/media\/2694"}],"wp:attachment":[{"href":"https:\/\/laestaciononline.com.ar\/index.php?rest_route=%2Fwp%2Fv2%2Fmedia&parent=2692"}],"wp:term":[{"taxonomy":"category","embeddable":true,"href":"https:\/\/laestaciononline.com.ar\/index.php?rest_route=%2Fwp%2Fv2%2Fcategories&post=2692"},{"taxonomy":"post_tag","embeddable":true,"href":"https:\/\/laestaciononline.com.ar\/index.php?rest_route=%2Fwp%2Fv2%2Ftags&post=2692"}],"curies":[{"name":"wp","href":"https:\/\/api.w.org\/{rel}","templated":true}]}}