{"id":3125,"date":"2025-12-04T22:00:31","date_gmt":"2025-12-04T22:00:31","guid":{"rendered":"https:\/\/laestaciononline.com.ar\/?p=3125"},"modified":"2025-12-04T22:00:53","modified_gmt":"2025-12-04T22:00:53","slug":"agenda-de-actividades-culturales-en-la-region-13","status":"publish","type":"post","link":"https:\/\/laestaciononline.com.ar\/?p=3125","title":{"rendered":"Agenda de actividades culturales en la regi\u00f3n"},"content":{"rendered":"\n<pre class=\"wp-block-preformatted\"><br><br>Los municipios de Almirante Brown, Avellaneda, Esteban Echeverr\u00eda, Lan\u00fas y Lomas de Zamora presentan una variada agenda cultural para este fin de semana, con actividades y espect\u00e1culos al aire libre, tanto gratuitos como pagos, para el disfrute de la comunidad.<br><br>Viernes 5\/12<br><br>-Lan\u00fas: Muestra Anual: Lan\u00fas anuncio que la Escuela Superior Municipal de M\u00fasica de Lan\u00fas los invita para disfrutar de sus muestras de fin de a\u00f1o. Habra: Coros, ensambles y grupos de danza. Sera en la Escuela Superior Municipal de M\u00fasica de Lan\u00fas, Coronel Ramos 64, Lan\u00fas Oeste. A partir de las 18:30hs.<br><br><br>-Avellaneda: Espectaculo: Avellaneda informo que habra otra edici\u00f3n de \"Festival Nu Metal\", donde tocaran diferentes artistas y bandas, como por ejemplo: \"Tell We Die (tributo a Slipknot)\", \"Wueikap! (tributo a Soad)\" y \"Reanimation (tributo a Linkin Park)\". La entradas seran un bono de contribucion para las bandas. Sera en Av. Hipolito Yrigoyen 351 al lado de la Estaci\u00f3n Dar\u00edo Santill\u00e1n y Maximiliano Kosteki. A las 19:30hs. Entrada bono de contribucion para las bandas. <br> <br>Sabado 6\/12<br><br>-Cafe Literario: Brown anuncio que habra sera una edicion especial, por primera vez, el Caf\u00e9 Literario sale de la Biblioteca Esteban Adrogu\u00e9 para celebrar su evento de cierre en la cafeter\u00eda del hermoso Parque Ram\u00f3n Carrillo. En esta oportunidad el momento de lectura compartida tendr\u00e1 como disparador la tem\u00e1tica \"fin de ciclo\"... para mirar hacia atr\u00e1s, releer el camino recorrido, agradecer los momentos compartidos y abrir las puertas a lo que vendr\u00e1. Sera en el Parque Ram\u00f3n Carrillo. Er\u00e9zcano 1850, Adrogu\u00e9. 17hs.<br><br>-Brown: Evento: Brown informo que se celebrara el \"Dia del Gaucho\": Sera una celebraci\u00f3n de nuestra identidad bonaerense a trav\u00e9s del canto, la danza y la tradici\u00f3n. Una noche para honrar la memoria gaucha y reencontrarnos con nuestras tradiciones que siguen vivas en la cultura bonaerense. Actuaran: Miguel May, Jorge Ber\u00f3n, Gustavo Catrig\u00fcal. Pareja de danza: Erneta y G\u00f3mez. Sera en la  Casa de la Cultura Adrogu\u00e9, E. Adrogu\u00e9 1224. Desde las 20hs. <br><br>-Avellaneda: Espectaculo: Avellaneda anuncio que habra otra edici\u00f3n de Homenaje a \"Ozzy Ozbourne\", donde tocaran diferentes artistas y bandas, como por ejemplo: \"La Buzzard of Ozz Destrudo\", \"Gauchos Rabioso\". La entradas seran un bono de contribucion para las bandas. Sera en Av. Hipolito Yrigoyen 351 al lado de la Estaci\u00f3n Dar\u00edo Santill\u00e1n y Maximiliano Kosteki. A las 19:30hs. Entrada bono de contribucion para las bandas. <br><br>Domingo 7\/12<br><br>-Brown: Concierto: Brown anuncio que habra un concierto de fin de a\u00f1o. La Orquesta de C\u00e1mara de Almirante Brown, bajo la direcci\u00f3n del maestro Pablo Agri, presenta su concierto especial de cierre del a\u00f1o en un encuentro \u00fanico para disfrutar de nuestro talento local. Sera en la Casa de la Cultura de Adrogu\u00e9, Sal\u00f3n Soldi, Esteban Adrogu\u00e9 1224. Desde las 20hs.<br><br>-Brown: Cine Documental: Brown informo que habgra una muestra de Realizaci\u00f3n en Cine Documental, se compartiran los proyectos finales realizados durante el a\u00f1o en la Casa de Cultura. Sera en la Casa de la Cultura de Adrogu\u00e9, Sal\u00f3n Azul, Esteban Adrogu\u00e9 1224. Desde las 16hs. Entrada libre y gratuita.<br><br>-Avellaneda: Espectaculo: Avellaneda anuncio que habra otra edici\u00f3n de Noche de Coros y Orquestas Populares. La entradas seran un bono de contribucion para las bandas. Sera en Av. Hipolito Yrigoyen 351 al lado de la Estaci\u00f3n Dar\u00edo Santill\u00e1n y Maximiliano Kosteki. A las 19:30hs. Entrada bono de contribucion para las bandas. <\/pre>\n","protected":false},"excerpt":{"rendered":"<p>Los municipios de Almirante Brown, Avellaneda, Esteban Echeverr\u00eda, Lan\u00fas y Lomas de Zamora presentan una variada agenda cultural para este fin de semana, con actividades y espect\u00e1culos al aire libre, tanto gratuitos como pagos, para el disfrute de la comunidad.Viernes 5\/12-Lan\u00fas: Muestra Anual: Lan\u00fas anuncio que la Escuela Superior Municipal de M\u00fasica de Lan\u00fas los [&hellip;]<\/p>\n","protected":false},"author":1,"featured_media":1993,"comment_status":"open","ping_status":"open","sticky":false,"template":"","format":"standard","meta":{"footnotes":""},"categories":[1],"tags":[],"class_list":["post-3125","post","type-post","status-publish","format-standard","has-post-thumbnail","hentry","category-politica"],"_links":{"self":[{"href":"https:\/\/laestaciononline.com.ar\/index.php?rest_route=\/wp\/v2\/posts\/3125","targetHints":{"allow":["GET"]}}],"collection":[{"href":"https:\/\/laestaciononline.com.ar\/index.php?rest_route=\/wp\/v2\/posts"}],"about":[{"href":"https:\/\/laestaciononline.com.ar\/index.php?rest_route=\/wp\/v2\/types\/post"}],"author":[{"embeddable":true,"href":"https:\/\/laestaciononline.com.ar\/index.php?rest_route=\/wp\/v2\/users\/1"}],"replies":[{"embeddable":true,"href":"https:\/\/laestaciononline.com.ar\/index.php?rest_route=%2Fwp%2Fv2%2Fcomments&post=3125"}],"version-history":[{"count":1,"href":"https:\/\/laestaciononline.com.ar\/index.php?rest_route=\/wp\/v2\/posts\/3125\/revisions"}],"predecessor-version":[{"id":3126,"href":"https:\/\/laestaciononline.com.ar\/index.php?rest_route=\/wp\/v2\/posts\/3125\/revisions\/3126"}],"wp:featuredmedia":[{"embeddable":true,"href":"https:\/\/laestaciononline.com.ar\/index.php?rest_route=\/wp\/v2\/media\/1993"}],"wp:attachment":[{"href":"https:\/\/laestaciononline.com.ar\/index.php?rest_route=%2Fwp%2Fv2%2Fmedia&parent=3125"}],"wp:term":[{"taxonomy":"category","embeddable":true,"href":"https:\/\/laestaciononline.com.ar\/index.php?rest_route=%2Fwp%2Fv2%2Fcategories&post=3125"},{"taxonomy":"post_tag","embeddable":true,"href":"https:\/\/laestaciononline.com.ar\/index.php?rest_route=%2Fwp%2Fv2%2Ftags&post=3125"}],"curies":[{"name":"wp","href":"https:\/\/api.w.org\/{rel}","templated":true}]}}