{"id":3137,"date":"2025-12-05T21:13:03","date_gmt":"2025-12-05T21:13:03","guid":{"rendered":"https:\/\/laestaciononline.com.ar\/?p=3137"},"modified":"2025-12-05T21:13:49","modified_gmt":"2025-12-05T21:13:49","slug":"disparos-en-la-via-publica-una-despedida-tumbera-en-lanus-sembro-miedo-entre-los-vecinos","status":"publish","type":"post","link":"https:\/\/laestaciononline.com.ar\/?p=3137","title":{"rendered":"Disparos en la v\u00eda p\u00fablica: una despedida tumbera en Lan\u00fas sembr\u00f3 miedo entre los vecinos"},"content":{"rendered":"\n<p>Las im\u00e1genes registradas durante la despedida de&nbsp;<strong>Tob\u00edas Ariel Vega<\/strong>&nbsp;en&nbsp;<strong>Lan\u00fas<\/strong>&nbsp;volvieron a poner bajo la lupa un fen\u00f3meno que se repite en distintos barrios del conurbano y que combina violencia, rituales informales y un fuerte contraste con la conmoci\u00f3n generada por el delito previo. El joven de&nbsp;<strong>19 a\u00f1os<\/strong>&nbsp;fue abatido luego de enfrentarse a un subcomisario de la&nbsp;<strong>Polic\u00eda de la Ciudad<\/strong>, a quien habr\u00eda intentado robar mientras se trasladaba en moto por&nbsp;<strong>Remedios de Escalada.<\/strong><\/p>\n\n\n\n<p>Sin embargo, el foco volvi\u00f3 a correrse cuando, horas despu\u00e9s del hecho, un nutrido grupo lleg\u00f3 a la<strong>&nbsp;avenida 25 de Mayo al 2200<\/strong>&nbsp;para protagonizar un velorio que incluy\u00f3 disparos al aire, motos acelerando sin control y una puesta en escena que gener\u00f3 rechazo en redes sociales y entre vecinos de la zona. De acuerdo con la informaci\u00f3n policial, Vega era oriundo de&nbsp;<strong>Villa Diamante<\/strong>&nbsp;y muri\u00f3 en el lugar del enfrentamiento.<\/p>\n","protected":false},"excerpt":{"rendered":"<p>Las im\u00e1genes registradas durante la despedida de&nbsp;Tob\u00edas Ariel Vega&nbsp;en&nbsp;Lan\u00fas&nbsp;volvieron a poner bajo la lupa un fen\u00f3meno que se repite en distintos barrios del conurbano y que combina violencia, rituales informales y un fuerte contraste con la conmoci\u00f3n generada por el delito previo. El joven de&nbsp;19 a\u00f1os&nbsp;fue abatido luego de enfrentarse a un subcomisario de la&nbsp;Polic\u00eda [&hellip;]<\/p>\n","protected":false},"author":1,"featured_media":3139,"comment_status":"open","ping_status":"open","sticky":false,"template":"","format":"standard","meta":{"footnotes":""},"categories":[1],"tags":[],"class_list":["post-3137","post","type-post","status-publish","format-standard","has-post-thumbnail","hentry","category-politica"],"_links":{"self":[{"href":"https:\/\/laestaciononline.com.ar\/index.php?rest_route=\/wp\/v2\/posts\/3137","targetHints":{"allow":["GET"]}}],"collection":[{"href":"https:\/\/laestaciononline.com.ar\/index.php?rest_route=\/wp\/v2\/posts"}],"about":[{"href":"https:\/\/laestaciononline.com.ar\/index.php?rest_route=\/wp\/v2\/types\/post"}],"author":[{"embeddable":true,"href":"https:\/\/laestaciononline.com.ar\/index.php?rest_route=\/wp\/v2\/users\/1"}],"replies":[{"embeddable":true,"href":"https:\/\/laestaciononline.com.ar\/index.php?rest_route=%2Fwp%2Fv2%2Fcomments&post=3137"}],"version-history":[{"count":1,"href":"https:\/\/laestaciononline.com.ar\/index.php?rest_route=\/wp\/v2\/posts\/3137\/revisions"}],"predecessor-version":[{"id":3138,"href":"https:\/\/laestaciononline.com.ar\/index.php?rest_route=\/wp\/v2\/posts\/3137\/revisions\/3138"}],"wp:featuredmedia":[{"embeddable":true,"href":"https:\/\/laestaciononline.com.ar\/index.php?rest_route=\/wp\/v2\/media\/3139"}],"wp:attachment":[{"href":"https:\/\/laestaciononline.com.ar\/index.php?rest_route=%2Fwp%2Fv2%2Fmedia&parent=3137"}],"wp:term":[{"taxonomy":"category","embeddable":true,"href":"https:\/\/laestaciononline.com.ar\/index.php?rest_route=%2Fwp%2Fv2%2Fcategories&post=3137"},{"taxonomy":"post_tag","embeddable":true,"href":"https:\/\/laestaciononline.com.ar\/index.php?rest_route=%2Fwp%2Fv2%2Ftags&post=3137"}],"curies":[{"name":"wp","href":"https:\/\/api.w.org\/{rel}","templated":true}]}}