{"id":3187,"date":"2025-12-12T20:32:19","date_gmt":"2025-12-12T20:32:19","guid":{"rendered":"https:\/\/laestaciononline.com.ar\/?p=3187"},"modified":"2025-12-12T20:33:19","modified_gmt":"2025-12-12T20:33:19","slug":"maximo-kirchner-llamo-a-reunir-al-consejo-del-pj-bonaerense-para-discutir-la-convocatoria-a-elecciones-internas","status":"publish","type":"post","link":"https:\/\/laestaciononline.com.ar\/?p=3187","title":{"rendered":"M\u00e1ximo Kirchner llam\u00f3 a reunir al consejo del PJ bonaerense para discutir la convocatoria a elecciones internas"},"content":{"rendered":"\n<p>El presidente del Partido Justicialista de la provincia de Buenos Aires,<strong>\u00a0M\u00e1ximo Kirchner<\/strong>, convoc\u00f3 a una reuni\u00f3n del consejo partidario para el viernes 19 de diciembre a las 14 horas en el municipio de Malvinas Argentinas. El llamado al \u00f3rgano partidario se da en medio de la presi\u00f3n de un sector del peronismo referenciado en el gobernador<strong>\u00a0Axel Kicillof<\/strong>\u00a0y que busca renovar autoridades; ya que en rigor el mandato de Kirchner culmina el 18 de diciembre de este a\u00f1o.<\/p>\n\n\n\n<p>Ser\u00e1 el primer encuentro del partido luego de lo que fue el proceso electoral en el que el peronismo se impuso en la elecci\u00f3n provincial del 7 de septiembre, aunque luego no logr\u00f3 sostener la victoria en los comicios nacionales del 26 de octubre y qued\u00f3 detr\u00e1s de La Libertad Avanza en los cargos a diputado nacional.<\/p>\n\n\n\n<p>Hace bastante que l<strong>a tensi\u00f3n dentro del peronismo bonaerense no encuentra cauce de salida<\/strong>. En el kirchnerismo aseguran que hubo un acuerdo al momento de la discusi\u00f3n de las listas entre M\u00e1ximo Kirchner y el gobernador para que las autoridades del Partido Justicialista se renueven \u201cm\u00e1s adelante\u201d y que adem\u00e1s se trabaje para la continuidad del l\u00edder de La C\u00e1mpora al frente del partido.<\/p>\n\n\n\n<p>Por lo pronto, Kirchner incluy\u00f3 en el temario de la reuni\u00f3n del pr\u00f3ximo viernes cuatro puntos a poner sobre la mesa:<\/p>\n\n\n\n<p><em>1. Lectura y consideraci\u00f3n del acta de la reuni\u00f3n anterior.<\/em><\/p>\n\n\n\n<p><em>2. Homenaje por la partida del compa\u00f1ero<\/em><em><strong>&nbsp;Juan Jos\u00e9 Mussi<\/strong><\/em><em>.<\/em><\/p>\n\n\n\n<p><em>3. Convocatoria a elecciones partidarias.<\/em><\/p>\n\n\n\n<p><em>4. An\u00e1lisis de la coyuntura nacional.<\/em><\/p>\n\n\n\n<p>En el medio,&nbsp;<strong>subterr\u00e1neamente en el espacio de Kicillof vienen trabajando en la b\u00fasqueda de avales<\/strong>&nbsp;y organizaci\u00f3n del padr\u00f3n en caso de que se llegue a una instancia de i<strong>nternas partidarias que podr\u00eda darse ya sobre fines del mes de febrero o principios de marzo del 2026.<\/strong><\/p>\n\n\n\n<p>Ayer jueves, hubo una escenificaci\u00f3n que&nbsp;<strong>sectores cercanos al gobernador intentan motorizar una renovaci\u00f3n de autoridades<\/strong>. Fue cuando desde el Partido Justicialista de Florencio Varela, su presidente&nbsp;<strong>Julio Pereyr<\/strong>a y el actual intendente del distrito&nbsp;<strong>Andr\u00e9s Watson<\/strong>&nbsp;\u2014que es vicepresidente partidario del PJ local\u2014 impulsaron un comunicado titulado&nbsp;<strong>\u201cElecciones, s\u00ed\u201d<\/strong>.<\/p>\n","protected":false},"excerpt":{"rendered":"<p>El presidente del Partido Justicialista de la provincia de Buenos Aires,\u00a0M\u00e1ximo Kirchner, convoc\u00f3 a una reuni\u00f3n del consejo partidario para el viernes 19 de diciembre a las 14 horas en el municipio de Malvinas Argentinas. El llamado al \u00f3rgano partidario se da en medio de la presi\u00f3n de un sector del peronismo referenciado en el [&hellip;]<\/p>\n","protected":false},"author":1,"featured_media":207,"comment_status":"open","ping_status":"open","sticky":false,"template":"","format":"standard","meta":{"footnotes":""},"categories":[1],"tags":[],"class_list":["post-3187","post","type-post","status-publish","format-standard","has-post-thumbnail","hentry","category-politica"],"_links":{"self":[{"href":"https:\/\/laestaciononline.com.ar\/index.php?rest_route=\/wp\/v2\/posts\/3187","targetHints":{"allow":["GET"]}}],"collection":[{"href":"https:\/\/laestaciononline.com.ar\/index.php?rest_route=\/wp\/v2\/posts"}],"about":[{"href":"https:\/\/laestaciononline.com.ar\/index.php?rest_route=\/wp\/v2\/types\/post"}],"author":[{"embeddable":true,"href":"https:\/\/laestaciononline.com.ar\/index.php?rest_route=\/wp\/v2\/users\/1"}],"replies":[{"embeddable":true,"href":"https:\/\/laestaciononline.com.ar\/index.php?rest_route=%2Fwp%2Fv2%2Fcomments&post=3187"}],"version-history":[{"count":2,"href":"https:\/\/laestaciononline.com.ar\/index.php?rest_route=\/wp\/v2\/posts\/3187\/revisions"}],"predecessor-version":[{"id":3189,"href":"https:\/\/laestaciononline.com.ar\/index.php?rest_route=\/wp\/v2\/posts\/3187\/revisions\/3189"}],"wp:featuredmedia":[{"embeddable":true,"href":"https:\/\/laestaciononline.com.ar\/index.php?rest_route=\/wp\/v2\/media\/207"}],"wp:attachment":[{"href":"https:\/\/laestaciononline.com.ar\/index.php?rest_route=%2Fwp%2Fv2%2Fmedia&parent=3187"}],"wp:term":[{"taxonomy":"category","embeddable":true,"href":"https:\/\/laestaciononline.com.ar\/index.php?rest_route=%2Fwp%2Fv2%2Fcategories&post=3187"},{"taxonomy":"post_tag","embeddable":true,"href":"https:\/\/laestaciononline.com.ar\/index.php?rest_route=%2Fwp%2Fv2%2Ftags&post=3187"}],"curies":[{"name":"wp","href":"https:\/\/api.w.org\/{rel}","templated":true}]}}