{"id":3268,"date":"2025-12-24T12:38:55","date_gmt":"2025-12-24T12:38:55","guid":{"rendered":"https:\/\/laestaciononline.com.ar\/?p=3268"},"modified":"2025-12-24T12:39:25","modified_gmt":"2025-12-24T12:39:25","slug":"la-vtv-aumentara-218-en-la-provincia-de-buenos-aires-como-quedara-la-nueva-tarifa","status":"publish","type":"post","link":"https:\/\/laestaciononline.com.ar\/?p=3268","title":{"rendered":"La VTV aumentar\u00e1 21,8% en la provincia de Buenos Aires: c\u00f3mo quedar\u00e1 la nueva tarifa"},"content":{"rendered":"\n<p>El Gobierno de la provincia de Buenos Aires dispuso un nuevo aumento en el valor de la\u00a0<strong>Verificaci\u00f3n T\u00e9cnica Vehicular (VTV)<\/strong>, un tr\u00e1mite obligatorio para todos los veh\u00edculos radicados en el distrito. A partir del 16 de enero de 2026, la tarifa b\u00e1sica pasar\u00e1 a costar $97.057,65, IVA incluido, lo que implica\u00a0<strong>un aumento del 21,8%<\/strong>\u00a0respecto del valor vigente.<\/p>\n\n\n\n<p>La medida qued\u00f3 formalizada a trav\u00e9s de una resoluci\u00f3n del Ministerio de Transporte bonaerense y se inscribe dentro del esquema de actualizaciones peri\u00f3dicas previsto en la normativa que regula el sistema.<\/p>\n\n\n\n<p>Seg\u00fan el marco legal vigente, la tarifa b\u00e1sica est\u00e1 directamente vinculada a la evoluci\u00f3n del salario del personal que presta el servicio en las plantas de VTV, lo que explica la din\u00e1mica de los incrementos.<\/p>\n\n\n\n<p>El sistema de Verificaci\u00f3n T\u00e9cnica Vehicular es un r\u00e9gimen de inspecciones t\u00e9cnicas obligatorias, peri\u00f3dicas y aranceladas, que alcanza a todo el parque automotor registrado. El objetivo es controlar las condiciones t\u00e9cnicas de circulaci\u00f3n de los veh\u00edculos y reducir los riesgos asociados a fallas mec\u00e1nicas, con impacto directo en la seguridad vial.El sistema de Verificaci\u00f3n T\u00e9cnica Vehicular es un r\u00e9gimen de inspecciones t\u00e9cnicas obligatorias, peri\u00f3dicas y aranceladas, que alcanza a todo el parque automotor registrado<\/p>\n\n\n\n<p>En cuanto al esquema tarifario, el decreto establece que el valor del servicio debe ser fijado por la autoridad de aplicaci\u00f3n y responder a un criterio de \u201cprecio justo\u201d, contemplando la ecuaci\u00f3n econ\u00f3mico-financiera que permita la sustentabilidad del sistema en el tiempo.<\/p>\n\n\n\n<p>La actualizaci\u00f3n ahora aprobada se apoya en el \u00faltimo acuerdo paritario alcanzado entre la&nbsp;<strong>C\u00e1mara Argentina de Verificadores de Automotores (CAVEA)<\/strong>&nbsp;y el SMATA para el \u00faltimo trimestre de 2025. El precio b\u00e1sico de la VTV representa el 7% del salario de un operario \u201ccategor\u00eda 1\u201d.<\/p>\n\n\n\n<p>El aumento se suma a una serie de ajustes aplicados a lo largo de los \u00faltimos dos a\u00f1os. Durante 2024, el valor de la VTV fue incrementado de manera escalonada en tres etapas, como consecuencia de un acuerdo salarial previo, hasta alcanzar en diciembre de ese a\u00f1o un valor pleno de $63.463,30.<\/p>\n\n\n\n<p>Posteriormente, en julio de 2025, se aprob\u00f3 una nueva actualizaci\u00f3n que llev\u00f3 la tarifa b\u00e1sica a $79.640,87. Con la resoluci\u00f3n publicada ahora, el tr\u00e1mite superar\u00e1 los $97.000 a partir de enero del a\u00f1o pr\u00f3ximo.<\/p>\n","protected":false},"excerpt":{"rendered":"<p>El Gobierno de la provincia de Buenos Aires dispuso un nuevo aumento en el valor de la\u00a0Verificaci\u00f3n T\u00e9cnica Vehicular (VTV), un tr\u00e1mite obligatorio para todos los veh\u00edculos radicados en el distrito. A partir del 16 de enero de 2026, la tarifa b\u00e1sica pasar\u00e1 a costar $97.057,65, IVA incluido, lo que implica\u00a0un aumento del 21,8%\u00a0respecto del [&hellip;]<\/p>\n","protected":false},"author":1,"featured_media":838,"comment_status":"open","ping_status":"open","sticky":false,"template":"","format":"standard","meta":{"footnotes":""},"categories":[1],"tags":[],"class_list":["post-3268","post","type-post","status-publish","format-standard","has-post-thumbnail","hentry","category-politica"],"_links":{"self":[{"href":"https:\/\/laestaciononline.com.ar\/index.php?rest_route=\/wp\/v2\/posts\/3268","targetHints":{"allow":["GET"]}}],"collection":[{"href":"https:\/\/laestaciononline.com.ar\/index.php?rest_route=\/wp\/v2\/posts"}],"about":[{"href":"https:\/\/laestaciononline.com.ar\/index.php?rest_route=\/wp\/v2\/types\/post"}],"author":[{"embeddable":true,"href":"https:\/\/laestaciononline.com.ar\/index.php?rest_route=\/wp\/v2\/users\/1"}],"replies":[{"embeddable":true,"href":"https:\/\/laestaciononline.com.ar\/index.php?rest_route=%2Fwp%2Fv2%2Fcomments&post=3268"}],"version-history":[{"count":2,"href":"https:\/\/laestaciononline.com.ar\/index.php?rest_route=\/wp\/v2\/posts\/3268\/revisions"}],"predecessor-version":[{"id":3270,"href":"https:\/\/laestaciononline.com.ar\/index.php?rest_route=\/wp\/v2\/posts\/3268\/revisions\/3270"}],"wp:featuredmedia":[{"embeddable":true,"href":"https:\/\/laestaciononline.com.ar\/index.php?rest_route=\/wp\/v2\/media\/838"}],"wp:attachment":[{"href":"https:\/\/laestaciononline.com.ar\/index.php?rest_route=%2Fwp%2Fv2%2Fmedia&parent=3268"}],"wp:term":[{"taxonomy":"category","embeddable":true,"href":"https:\/\/laestaciononline.com.ar\/index.php?rest_route=%2Fwp%2Fv2%2Fcategories&post=3268"},{"taxonomy":"post_tag","embeddable":true,"href":"https:\/\/laestaciononline.com.ar\/index.php?rest_route=%2Fwp%2Fv2%2Ftags&post=3268"}],"curies":[{"name":"wp","href":"https:\/\/api.w.org\/{rel}","templated":true}]}}